{"id":863,"date":"2020-08-20T21:38:11","date_gmt":"2020-08-20T21:38:11","guid":{"rendered":"http:\/\/csu-seniorenunion-dgf-lan.de\/CMS\/?p=863"},"modified":"2020-08-20T21:38:13","modified_gmt":"2020-08-20T21:38:13","slug":"5-maerz-2020-einladung-der-sen-zum-vortrag-von-werner-bumeder-zu-moderne-kommunalpolitik-fuer-jung-und-alt-generationsuebergreifend-gestalten","status":"publish","type":"post","link":"https:\/\/csu-seniorenunion-dgf-lan.de\/?p=863","title":{"rendered":"5. M\u00e4rz 2020: Einladung der SEN zum Vortrag von Werner Bumeder zu &#8222;Moderne Kommunalpolitik f\u00fcr Jung und Alt &#8211; generations\u00fcbergreifend gestalten&#8220;"},"content":{"rendered":"\n<p><\/p>\n\n\n\n<figure class=\"wp-block-gallery columns-2 is-cropped wp-block-gallery-1 is-layout-flex wp-block-gallery-is-layout-flex\"><ul class=\"blocks-gallery-grid\"><li class=\"blocks-gallery-item\"><figure><img loading=\"lazy\" decoding=\"async\" width=\"1024\" height=\"768\" src=\"https:\/\/csu-seniorenunion-dgf-lan.de\/CMS\/wp-content\/uploads\/2020\/08\/05.03.20-Bumeder-3-1024x768.jpg\" alt=\"\" data-id=\"865\" data-link=\"https:\/\/csu-seniorenunion-dgf-lan.de\/CMS\/?attachment_id=865#main\" class=\"wp-image-865\" srcset=\"https:\/\/csu-seniorenunion-dgf-lan.de\/wp-content\/uploads\/2020\/08\/05.03.20-Bumeder-3-1024x768.jpg 1024w, https:\/\/csu-seniorenunion-dgf-lan.de\/wp-content\/uploads\/2020\/08\/05.03.20-Bumeder-3-300x225.jpg 300w, https:\/\/csu-seniorenunion-dgf-lan.de\/wp-content\/uploads\/2020\/08\/05.03.20-Bumeder-3-768x576.jpg 768w, https:\/\/csu-seniorenunion-dgf-lan.de\/wp-content\/uploads\/2020\/08\/05.03.20-Bumeder-3-1536x1152.jpg 1536w, https:\/\/csu-seniorenunion-dgf-lan.de\/wp-content\/uploads\/2020\/08\/05.03.20-Bumeder-3-2048x1536.jpg 2048w\" sizes=\"auto, (max-width: 1024px) 100vw, 1024px\" \/><\/figure><\/li><li class=\"blocks-gallery-item\"><figure><img loading=\"lazy\" decoding=\"async\" width=\"1024\" height=\"755\" src=\"https:\/\/csu-seniorenunion-dgf-lan.de\/CMS\/wp-content\/uploads\/2020\/08\/05.03.20-Bumeder-2-a-1024x755.jpg\" alt=\"\" data-id=\"866\" data-full-url=\"https:\/\/csu-seniorenunion-dgf-lan.de\/CMS\/wp-content\/uploads\/2020\/08\/05.03.20-Bumeder-2-a.jpg\" data-link=\"https:\/\/csu-seniorenunion-dgf-lan.de\/CMS\/?attachment_id=866#main\" class=\"wp-image-866\" srcset=\"https:\/\/csu-seniorenunion-dgf-lan.de\/wp-content\/uploads\/2020\/08\/05.03.20-Bumeder-2-a-1024x755.jpg 1024w, https:\/\/csu-seniorenunion-dgf-lan.de\/wp-content\/uploads\/2020\/08\/05.03.20-Bumeder-2-a-300x221.jpg 300w, https:\/\/csu-seniorenunion-dgf-lan.de\/wp-content\/uploads\/2020\/08\/05.03.20-Bumeder-2-a-768x566.jpg 768w, https:\/\/csu-seniorenunion-dgf-lan.de\/wp-content\/uploads\/2020\/08\/05.03.20-Bumeder-2-a-1536x1132.jpg 1536w, https:\/\/csu-seniorenunion-dgf-lan.de\/wp-content\/uploads\/2020\/08\/05.03.20-Bumeder-2-a.jpg 1827w\" sizes=\"auto, (max-width: 1024px) 100vw, 1024px\" \/><\/figure><\/li><\/ul><\/figure>\n\n\n\n<p>Sehr informativer Vortrag des CSU-Kandidaten f\u00fcr die Landratswahl in der Gastst\u00e4tte &#8222;Zum oberen Krieger&#8220;  in Landau<\/p>\n","protected":false},"excerpt":{"rendered":"<p>Sehr informativer Vortrag des CSU-Kandidaten f\u00fcr die Landratswahl in der Gastst\u00e4tte &#8222;Zum oberen Krieger&#8220; in Landau<\/p>\n","protected":false},"author":1,"featured_media":0,"comment_status":"closed","ping_status":"closed","sticky":false,"template":"","format":"standard","meta":{"footnotes":""},"categories":[1],"tags":[],"class_list":["post-863","post","type-post","status-publish","format-standard","hentry","category-csu-seniorenunion-dgf-lan"],"_links":{"self":[{"href":"https:\/\/csu-seniorenunion-dgf-lan.de\/index.php?rest_route=\/wp\/v2\/posts\/863","targetHints":{"allow":["GET"]}}],"collection":[{"href":"https:\/\/csu-seniorenunion-dgf-lan.de\/index.php?rest_route=\/wp\/v2\/posts"}],"about":[{"href":"https:\/\/csu-seniorenunion-dgf-lan.de\/index.php?rest_route=\/wp\/v2\/types\/post"}],"author":[{"embeddable":true,"href":"https:\/\/csu-seniorenunion-dgf-lan.de\/index.php?rest_route=\/wp\/v2\/users\/1"}],"replies":[{"embeddable":true,"href":"https:\/\/csu-seniorenunion-dgf-lan.de\/index.php?rest_route=%2Fwp%2Fv2%2Fcomments&post=863"}],"version-history":[{"count":2,"href":"https:\/\/csu-seniorenunion-dgf-lan.de\/index.php?rest_route=\/wp\/v2\/posts\/863\/revisions"}],"predecessor-version":[{"id":868,"href":"https:\/\/csu-seniorenunion-dgf-lan.de\/index.php?rest_route=\/wp\/v2\/posts\/863\/revisions\/868"}],"wp:attachment":[{"href":"https:\/\/csu-seniorenunion-dgf-lan.de\/index.php?rest_route=%2Fwp%2Fv2%2Fmedia&parent=863"}],"wp:term":[{"taxonomy":"category","embeddable":true,"href":"https:\/\/csu-seniorenunion-dgf-lan.de\/index.php?rest_route=%2Fwp%2Fv2%2Fcategories&post=863"},{"taxonomy":"post_tag","embeddable":true,"href":"https:\/\/csu-seniorenunion-dgf-lan.de\/index.php?rest_route=%2Fwp%2Fv2%2Ftags&post=863"}],"curies":[{"name":"wp","href":"https:\/\/api.w.org\/{rel}","templated":true}]}}