{"id":821,"date":"2020-05-02T17:19:15","date_gmt":"2020-05-02T17:19:15","guid":{"rendered":"http:\/\/csu-seniorenunion-dgf-lan.de\/CMS\/?p=821"},"modified":"2020-05-02T17:19:16","modified_gmt":"2020-05-02T17:19:16","slug":"27-februar-2020-kulturreise-nach-augsburg","status":"publish","type":"post","link":"https:\/\/csu-seniorenunion-dgf-lan.de\/?p=821","title":{"rendered":"27. Februar 2020: Kulturreise nach Augsburg"},"content":{"rendered":"\n<figure class=\"wp-block-image size-large\"><img loading=\"lazy\" decoding=\"async\" width=\"1024\" height=\"672\" src=\"https:\/\/csu-seniorenunion-dgf-lan.de\/CMS\/wp-content\/uploads\/2020\/05\/27.02.20-Augsburg-1-a-1024x672.jpg\" alt=\"\" class=\"wp-image-822\" srcset=\"https:\/\/csu-seniorenunion-dgf-lan.de\/wp-content\/uploads\/2020\/05\/27.02.20-Augsburg-1-a-1024x672.jpg 1024w, https:\/\/csu-seniorenunion-dgf-lan.de\/wp-content\/uploads\/2020\/05\/27.02.20-Augsburg-1-a-300x197.jpg 300w, https:\/\/csu-seniorenunion-dgf-lan.de\/wp-content\/uploads\/2020\/05\/27.02.20-Augsburg-1-a-768x504.jpg 768w, https:\/\/csu-seniorenunion-dgf-lan.de\/wp-content\/uploads\/2020\/05\/27.02.20-Augsburg-1-a-1536x1008.jpg 1536w, https:\/\/csu-seniorenunion-dgf-lan.de\/wp-content\/uploads\/2020\/05\/27.02.20-Augsburg-1-a-2048x1344.jpg 2048w\" sizes=\"auto, (max-width: 1024px) 100vw, 1024px\" \/><\/figure>\n\n\n\n<p>Gleich zwei Attraktionen hatte sich die CSU Senioren-Union Dingolfing-Landau an diesem Tag auf das Programm gesetzt. Die Kreisvorsitzende und Organisatorin Carmen B\u00f6hm freute sich \u00fcber den enormen Zuspruch zu dieser Kulturfahrt in die alte R\u00f6merstadt Augsburg und versorgte die Reiseteilnehmer mit ausf\u00fchrlichen Reiseunterlagen. <\/p>\n\n\n\n<p>Am Vormittag wurde der erste Besuchtspunkt angesteuert. Im Schaezlerpalais befand sich die Sonderausstellung <strong>&#8222;Kunstsch\u00e4tze der Zaren &#8211; Meisterwerke aus Schloss Peterhof&#8220;<\/strong>. Diese Ausstellung zeigte eine repr\u00e4sentative Auswahl der im Schloss Peterhof aufbewahrten Gegenst\u00e4nde mit \u00fcber hundert hochkar\u00e4tigen Objekten aus fast allen Bereichen der Kunst und des Kunsthandwerks, darunter Gem\u00e4lde, eine festlich gedeckte Tafel des h\u00f6fischen Zeremoniells, Mobiliar, Kleidungsst\u00fccke und vieles mehr.     <\/p>\n\n\n\n<figure class=\"wp-block-gallery columns-3 wp-block-gallery-1 is-layout-flex wp-block-gallery-is-layout-flex\"><ul class=\"blocks-gallery-grid\"><li class=\"blocks-gallery-item\"><figure><img loading=\"lazy\" decoding=\"async\" width=\"500\" height=\"335\" src=\"https:\/\/csu-seniorenunion-dgf-lan.de\/CMS\/wp-content\/uploads\/2020\/05\/SChaezlerpalais.jpg\" alt=\"\" data-id=\"831\" data-link=\"https:\/\/csu-seniorenunion-dgf-lan.de\/CMS\/?attachment_id=831#main\" class=\"wp-image-831\" srcset=\"https:\/\/csu-seniorenunion-dgf-lan.de\/wp-content\/uploads\/2020\/05\/SChaezlerpalais.jpg 500w, https:\/\/csu-seniorenunion-dgf-lan.de\/wp-content\/uploads\/2020\/05\/SChaezlerpalais-300x201.jpg 300w\" sizes=\"auto, (max-width: 500px) 100vw, 500px\" \/><figcaption class=\"blocks-gallery-item__caption\">Schaezlerpalais<\/figcaption><\/figure><\/li><li class=\"blocks-gallery-item\"><figure><img loading=\"lazy\" decoding=\"async\" width=\"266\" height=\"225\" src=\"https:\/\/csu-seniorenunion-dgf-lan.de\/CMS\/wp-content\/uploads\/2020\/05\/Zaren-1-a-1.jpg\" alt=\"\" data-id=\"826\" data-link=\"https:\/\/csu-seniorenunion-dgf-lan.de\/CMS\/?attachment_id=826#main\" class=\"wp-image-826\"\/><\/figure><\/li><li class=\"blocks-gallery-item\"><figure><img loading=\"lazy\" decoding=\"async\" width=\"727\" height=\"675\" src=\"https:\/\/csu-seniorenunion-dgf-lan.de\/CMS\/wp-content\/uploads\/2020\/05\/Zaren-3-a-1.jpg\" alt=\"\" data-id=\"827\" data-link=\"https:\/\/csu-seniorenunion-dgf-lan.de\/CMS\/?attachment_id=827#main\" class=\"wp-image-827\" srcset=\"https:\/\/csu-seniorenunion-dgf-lan.de\/wp-content\/uploads\/2020\/05\/Zaren-3-a-1.jpg 727w, https:\/\/csu-seniorenunion-dgf-lan.de\/wp-content\/uploads\/2020\/05\/Zaren-3-a-1-300x279.jpg 300w\" sizes=\"auto, (max-width: 727px) 100vw, 727px\" \/><\/figure><\/li><\/ul><\/figure>\n\n\n\n<p>Schloss Peterhof liegt ca. 30 Kilometer von Petersburg entfernt und wurde von Zar Peter dem Gro\u00dfen als Sommerschloss der russischen Zaren erbaut. Seit 1990 ist es Weltkulturerbe der UNESCO. Zeitlich erstreckte sich die Ausstellung auf die glanzvolle Zeit von Schloss Peterhof von seiner Erbauung nach dem entscheidenden Sieg 1709 im gro\u00dfen nordischen Krieg bis zum Tod der ber\u00fchmten Zarin Katharina der Gro\u00dfen. <\/p>\n\n\n\n<p>Beeindruckt von der glanzvollen Vielfalt der ausgestellten Objekte hatten die Ausfl\u00fcgler anschlie\u00dfend Gelegenheit, gem\u00fctlich zum Mittagessen einzukehren oder auf einem Bummel die Sehensw\u00fcrdigkeiten der sch\u00f6nen Stadt n\u00e4her zu betrachten. Augsburg wurde um 15 vor Christus durch Tiberius als Zivilstadt Augusta Vindelicorum gegr\u00fcndet und erlebte vor allem als Reichsstadt einen rasanten wirtschaftlichen Aufstieg. Ma\u00dfgeblich daran beteiligt waren die Patrizierfamilien Welser und Fugger. Durch die Bankgesch\u00e4fte der beiden Familien entwickelte sich die Stadt zu einem der f\u00fchrenden Geldm\u00e4rkte Europas. In den vielen Webereien wurden riesige Mengen an Leinen f\u00fcr den Export produziert und die Stadt war ber\u00fchmt f\u00fcr ihre feinen Gold- und Silberarbeiten. Das Atelier der K\u00fcnstler Hans Holbein des \u00c4lteren und dessen Sohn Ambrosius befand sich hier. In Augsburg fanden auch viele Reichstage des Heiligen R\u00f6mischen Reiches statt. W\u00e4hrend der Reformation wurde in Augsburg 1530 das Augsburger Bekenntnis ausgearbeitet. Diese Bekenntnisschrift wurde zum grundlegenden Dokument der Lutherischen Glaubenslehre. W\u00e4hrend des 30-j\u00e4hrigen Krieges und des zweiten Weltkrieges wurde die Stadt schwer zerst\u00f6rt. <\/p>\n\n\n\n<p>Am Nachmittag erwarteten zwei Stadtf\u00fchrer die Ausfl\u00fcgler zur vereinbarten F\u00fchrung &#8222;Auf den Spuren der reichen Fugger durchs goldene Augsburg&#8220;. Vor dem Wahrzeichen der Stadt, dem Rathaus, begann der zweist\u00fcndige Rundgang. Dieses von Elias Holl von 1615 bis 1620 erbaute Rathaus gilt als der bedeutendste Profanbau der Renaissance n\u00f6rdlich der Alpen und geh\u00f6rt zu den eindrucksvollsten Rath\u00e4usern Deutschlands. Der daneben befindliche Perlachturm dient mit seinen 70 Metern H\u00f6he als beliebte Aussichtsplattform. Sein Name r\u00fchrt vermutlich vom mittelalterlichen Namen der B\u00e4ren her, die hier hinter den nun vergitterten Fenstern gehalten wurden.  <\/p>\n\n\n\n<figure class=\"wp-block-gallery aligncenter columns-2 wp-block-gallery-2 is-layout-flex wp-block-gallery-is-layout-flex\"><ul class=\"blocks-gallery-grid\"><li class=\"blocks-gallery-item\"><figure><img loading=\"lazy\" decoding=\"async\" width=\"250\" height=\"300\" src=\"https:\/\/csu-seniorenunion-dgf-lan.de\/CMS\/wp-content\/uploads\/2020\/05\/Augsburg-Rathaus-250x300.jpg\" alt=\"\" data-id=\"830\" data-link=\"https:\/\/csu-seniorenunion-dgf-lan.de\/CMS\/?attachment_id=830#main\" class=\"wp-image-830\" srcset=\"https:\/\/csu-seniorenunion-dgf-lan.de\/wp-content\/uploads\/2020\/05\/Augsburg-Rathaus-250x300.jpg 250w, https:\/\/csu-seniorenunion-dgf-lan.de\/wp-content\/uploads\/2020\/05\/Augsburg-Rathaus-768x922.jpg 768w, https:\/\/csu-seniorenunion-dgf-lan.de\/wp-content\/uploads\/2020\/05\/Augsburg-Rathaus.jpg 800w\" sizes=\"auto, (max-width: 250px) 100vw, 250px\" \/><figcaption class=\"blocks-gallery-item__caption\">Rathaus<\/figcaption><\/figure><\/li><li class=\"blocks-gallery-item\"><figure><img loading=\"lazy\" decoding=\"async\" width=\"167\" height=\"300\" src=\"https:\/\/csu-seniorenunion-dgf-lan.de\/CMS\/wp-content\/uploads\/2020\/05\/Augsburg-Perlachturm-167x300.jpg\" alt=\"\" data-id=\"833\" data-full-url=\"https:\/\/csu-seniorenunion-dgf-lan.de\/CMS\/wp-content\/uploads\/2020\/05\/Augsburg-Perlachturm.jpg\" data-link=\"https:\/\/csu-seniorenunion-dgf-lan.de\/CMS\/?attachment_id=833#main\" class=\"wp-image-833\" srcset=\"https:\/\/csu-seniorenunion-dgf-lan.de\/wp-content\/uploads\/2020\/05\/Augsburg-Perlachturm-167x300.jpg 167w, https:\/\/csu-seniorenunion-dgf-lan.de\/wp-content\/uploads\/2020\/05\/Augsburg-Perlachturm.jpg 559w\" sizes=\"auto, (max-width: 167px) 100vw, 167px\" \/><figcaption class=\"blocks-gallery-item__caption\">Perlachturm<\/figcaption><\/figure><\/li><\/ul><\/figure>\n\n\n\n<p>Vom Rathausplatz aus f\u00fchrte der weitere Weg durch die Innenstadt bis hin zur weltbekannten <strong>Fuggerei<\/strong>. Die heute \u00e4lteste Sozialsiedlung der Welt ist das beeindruckende &#8222;Denkmal&#8220; des reichen Augsburger Handelsherrn Jakob Fugger &#8222;dem Reichen&#8220;. Er gr\u00fcndete die Reihenhaussiedlung im Jahr 1521. In den 140 Wohnungen der &#8222;Stadt in der Stadt&#8220; leben noch heute unverschuldet bed\u00fcrftige Katholiken f\u00fcr eine Kaltmiete von 0,88 \u20ac j\u00e4hrlich und t\u00e4glich drei Gebeten f\u00fcr den Stifter und seine Familie. Hier erinnert auch eine Gedenktafel an die Familie Mozart, deren Urspr\u00fcnge in Augsburg zu finden sind. Die musterg\u00fcltige Sozialsiedlung wird auch nach beinahe 500 Jahren nach wie vor aus den Stiftungen Jakob Fuggers und seiner Nachkommen finanziert. Den G\u00e4sten wurden auf diesem Rundgang tiefe Einblicke in die Geschichte der Familie der Familie Fugger als des gr\u00f6\u00dften Handels-, Banken- und Montankonzerns des 16. Jahrhunderts in Europa gew\u00e4hrt.   <\/p>\n\n\n\n<figure class=\"wp-block-gallery columns-3 is-cropped wp-block-gallery-3 is-layout-flex wp-block-gallery-is-layout-flex\"><ul class=\"blocks-gallery-grid\"><li class=\"blocks-gallery-item\"><figure><img loading=\"lazy\" decoding=\"async\" width=\"237\" height=\"300\" src=\"https:\/\/csu-seniorenunion-dgf-lan.de\/CMS\/wp-content\/uploads\/2020\/05\/jakob_fugger-01-zoom-237x300.jpg\" alt=\"\" data-id=\"839\" data-link=\"https:\/\/csu-seniorenunion-dgf-lan.de\/CMS\/?attachment_id=839#main\" class=\"wp-image-839\" srcset=\"https:\/\/csu-seniorenunion-dgf-lan.de\/wp-content\/uploads\/2020\/05\/jakob_fugger-01-zoom-237x300.jpg 237w, https:\/\/csu-seniorenunion-dgf-lan.de\/wp-content\/uploads\/2020\/05\/jakob_fugger-01-zoom.jpg 591w\" sizes=\"auto, (max-width: 237px) 100vw, 237px\" \/><\/figure><\/li><li class=\"blocks-gallery-item\"><figure><img loading=\"lazy\" decoding=\"async\" width=\"300\" height=\"225\" src=\"https:\/\/csu-seniorenunion-dgf-lan.de\/CMS\/wp-content\/uploads\/2020\/05\/27.02.20-Augsburg-Fuggerei-5-300x225.jpg\" alt=\"\" data-id=\"836\" data-link=\"https:\/\/csu-seniorenunion-dgf-lan.de\/CMS\/?attachment_id=836#main\" class=\"wp-image-836\" srcset=\"https:\/\/csu-seniorenunion-dgf-lan.de\/wp-content\/uploads\/2020\/05\/27.02.20-Augsburg-Fuggerei-5-300x225.jpg 300w, https:\/\/csu-seniorenunion-dgf-lan.de\/wp-content\/uploads\/2020\/05\/27.02.20-Augsburg-Fuggerei-5-768x576.jpg 768w, https:\/\/csu-seniorenunion-dgf-lan.de\/wp-content\/uploads\/2020\/05\/27.02.20-Augsburg-Fuggerei-5-1024x768.jpg 1024w, https:\/\/csu-seniorenunion-dgf-lan.de\/wp-content\/uploads\/2020\/05\/27.02.20-Augsburg-Fuggerei-5-1536x1152.jpg 1536w, https:\/\/csu-seniorenunion-dgf-lan.de\/wp-content\/uploads\/2020\/05\/27.02.20-Augsburg-Fuggerei-5-2048x1536.jpg 2048w\" sizes=\"auto, (max-width: 300px) 100vw, 300px\" \/><\/figure><\/li><li class=\"blocks-gallery-item\"><figure><img loading=\"lazy\" decoding=\"async\" width=\"300\" height=\"206\" src=\"https:\/\/csu-seniorenunion-dgf-lan.de\/CMS\/wp-content\/uploads\/2020\/05\/27.02.20-Augsburg-Fuggerei-Z-2-300x206.jpg\" alt=\"\" data-id=\"837\" data-link=\"https:\/\/csu-seniorenunion-dgf-lan.de\/CMS\/?attachment_id=837#main\" class=\"wp-image-837\" srcset=\"https:\/\/csu-seniorenunion-dgf-lan.de\/wp-content\/uploads\/2020\/05\/27.02.20-Augsburg-Fuggerei-Z-2-300x206.jpg 300w, https:\/\/csu-seniorenunion-dgf-lan.de\/wp-content\/uploads\/2020\/05\/27.02.20-Augsburg-Fuggerei-Z-2-768x527.jpg 768w, https:\/\/csu-seniorenunion-dgf-lan.de\/wp-content\/uploads\/2020\/05\/27.02.20-Augsburg-Fuggerei-Z-2-1024x702.jpg 1024w, https:\/\/csu-seniorenunion-dgf-lan.de\/wp-content\/uploads\/2020\/05\/27.02.20-Augsburg-Fuggerei-Z-2-1536x1053.jpg 1536w, https:\/\/csu-seniorenunion-dgf-lan.de\/wp-content\/uploads\/2020\/05\/27.02.20-Augsburg-Fuggerei-Z-2-2048x1404.jpg 2048w\" sizes=\"auto, (max-width: 300px) 100vw, 300px\" \/><\/figure><\/li><li class=\"blocks-gallery-item\"><figure><img loading=\"lazy\" decoding=\"async\" width=\"300\" height=\"252\" src=\"https:\/\/csu-seniorenunion-dgf-lan.de\/CMS\/wp-content\/uploads\/2020\/05\/27.02.20-Augsburg-Fuggerei-a-300x252.jpg\" alt=\"\" data-id=\"838\" data-link=\"https:\/\/csu-seniorenunion-dgf-lan.de\/CMS\/?attachment_id=838#main\" class=\"wp-image-838\" srcset=\"https:\/\/csu-seniorenunion-dgf-lan.de\/wp-content\/uploads\/2020\/05\/27.02.20-Augsburg-Fuggerei-a-300x252.jpg 300w, https:\/\/csu-seniorenunion-dgf-lan.de\/wp-content\/uploads\/2020\/05\/27.02.20-Augsburg-Fuggerei-a-768x646.jpg 768w, https:\/\/csu-seniorenunion-dgf-lan.de\/wp-content\/uploads\/2020\/05\/27.02.20-Augsburg-Fuggerei-a-1024x861.jpg 1024w, https:\/\/csu-seniorenunion-dgf-lan.de\/wp-content\/uploads\/2020\/05\/27.02.20-Augsburg-Fuggerei-a-1536x1292.jpg 1536w, https:\/\/csu-seniorenunion-dgf-lan.de\/wp-content\/uploads\/2020\/05\/27.02.20-Augsburg-Fuggerei-a.jpg 1846w\" sizes=\"auto, (max-width: 300px) 100vw, 300px\" \/><\/figure><\/li><li class=\"blocks-gallery-item\"><figure><img loading=\"lazy\" decoding=\"async\" width=\"300\" height=\"236\" src=\"https:\/\/csu-seniorenunion-dgf-lan.de\/CMS\/wp-content\/uploads\/2020\/05\/27.02.20-Augsburg-Fuggerei-Z-300x236.jpg\" alt=\"\" data-id=\"840\" data-link=\"https:\/\/csu-seniorenunion-dgf-lan.de\/CMS\/?attachment_id=840#main\" class=\"wp-image-840\" srcset=\"https:\/\/csu-seniorenunion-dgf-lan.de\/wp-content\/uploads\/2020\/05\/27.02.20-Augsburg-Fuggerei-Z-300x236.jpg 300w, https:\/\/csu-seniorenunion-dgf-lan.de\/wp-content\/uploads\/2020\/05\/27.02.20-Augsburg-Fuggerei-Z-768x603.jpg 768w, https:\/\/csu-seniorenunion-dgf-lan.de\/wp-content\/uploads\/2020\/05\/27.02.20-Augsburg-Fuggerei-Z-1024x804.jpg 1024w, https:\/\/csu-seniorenunion-dgf-lan.de\/wp-content\/uploads\/2020\/05\/27.02.20-Augsburg-Fuggerei-Z-1536x1207.jpg 1536w, https:\/\/csu-seniorenunion-dgf-lan.de\/wp-content\/uploads\/2020\/05\/27.02.20-Augsburg-Fuggerei-Z-2048x1609.jpg 2048w\" sizes=\"auto, (max-width: 300px) 100vw, 300px\" \/><\/figure><\/li><li class=\"blocks-gallery-item\"><figure><img loading=\"lazy\" decoding=\"async\" width=\"300\" height=\"255\" src=\"https:\/\/csu-seniorenunion-dgf-lan.de\/CMS\/wp-content\/uploads\/2020\/05\/Fuggerpalast-300x255.jpg\" alt=\"\" data-id=\"841\" data-full-url=\"https:\/\/csu-seniorenunion-dgf-lan.de\/CMS\/wp-content\/uploads\/2020\/05\/Fuggerpalast.jpg\" data-link=\"https:\/\/csu-seniorenunion-dgf-lan.de\/CMS\/?attachment_id=841#main\" class=\"wp-image-841\" srcset=\"https:\/\/csu-seniorenunion-dgf-lan.de\/wp-content\/uploads\/2020\/05\/Fuggerpalast-300x255.jpg 300w, https:\/\/csu-seniorenunion-dgf-lan.de\/wp-content\/uploads\/2020\/05\/Fuggerpalast.jpg 508w\" sizes=\"auto, (max-width: 300px) 100vw, 300px\" \/><figcaption class=\"blocks-gallery-item__caption\">Augsburg (Fuggerpalast in der Maximilianstra\u00dfe)<\/figcaption><\/figure><\/li><\/ul><\/figure>\n\n\n\n<p>Auf dem weiteren Weg durch die Stadt \u00fcberquerten die Ausfl\u00fcgler auch einige der 500 kleinen Br\u00fccken, die meist \u00fcber den Lech f\u00fchren und waren erstaunt, dass Augsburg somit mehr Br\u00fccken als Venedig beherbergt. Der Fugger-Stadtpalast, erbaut 1512 bis 1515, war der letzte Informationspunkt \u00fcber das Leben der Fugger. Beim Rathaus wieder angekommen, endete diese interessante F\u00fchrung. Petrus hatte fast bis zuletzt ein Einsehen, begann es doch erst am Schluss zu schneien. <\/p>\n\n\n\n<p>Danach wurde die Heimfahrt angetreten mit einem Aufenthalt in Altdorf, wo die G\u00e4ste im Gasthaus Wadenspanner zum Abendessen erwartet wurden. In den gem\u00fctlichen R\u00e4umen fand der Tag in geselliger Runde seinen Abschluss, bevor die Ausfl\u00fcgler wieder wohlbehalten in der Heimat eintrafen.                <\/p>\n","protected":false},"excerpt":{"rendered":"<p>Gleich zwei Attraktionen hatte sich die CSU Senioren-Union Dingolfing-Landau an diesem Tag auf das Programm gesetzt. Die Kreisvorsitzende und Organisatorin Carmen B\u00f6hm freute sich \u00fcber den enormen Zuspruch zu dieser Kulturfahrt in die alte R\u00f6merstadt Augsburg und versorgte die Reiseteilnehmer mit ausf\u00fchrlichen Reiseunterlagen. Am Vormittag wurde der erste Besuchtspunkt angesteuert. Im Schaezlerpalais befand sich die &#8230; <a title=\"27. Februar 2020: Kulturreise nach Augsburg\" class=\"read-more\" href=\"https:\/\/csu-seniorenunion-dgf-lan.de\/?p=821\" aria-label=\"Mehr Informationen \u00fcber 27. Februar 2020: Kulturreise nach Augsburg\">Weiterlesen<\/a><\/p>\n","protected":false},"author":1,"featured_media":0,"comment_status":"closed","ping_status":"closed","sticky":false,"template":"","format":"standard","meta":{"footnotes":""},"categories":[1],"tags":[],"class_list":["post-821","post","type-post","status-publish","format-standard","hentry","category-csu-seniorenunion-dgf-lan"],"_links":{"self":[{"href":"https:\/\/csu-seniorenunion-dgf-lan.de\/index.php?rest_route=\/wp\/v2\/posts\/821","targetHints":{"allow":["GET"]}}],"collection":[{"href":"https:\/\/csu-seniorenunion-dgf-lan.de\/index.php?rest_route=\/wp\/v2\/posts"}],"about":[{"href":"https:\/\/csu-seniorenunion-dgf-lan.de\/index.php?rest_route=\/wp\/v2\/types\/post"}],"author":[{"embeddable":true,"href":"https:\/\/csu-seniorenunion-dgf-lan.de\/index.php?rest_route=\/wp\/v2\/users\/1"}],"replies":[{"embeddable":true,"href":"https:\/\/csu-seniorenunion-dgf-lan.de\/index.php?rest_route=%2Fwp%2Fv2%2Fcomments&post=821"}],"version-history":[{"count":9,"href":"https:\/\/csu-seniorenunion-dgf-lan.de\/index.php?rest_route=\/wp\/v2\/posts\/821\/revisions"}],"predecessor-version":[{"id":845,"href":"https:\/\/csu-seniorenunion-dgf-lan.de\/index.php?rest_route=\/wp\/v2\/posts\/821\/revisions\/845"}],"wp:attachment":[{"href":"https:\/\/csu-seniorenunion-dgf-lan.de\/index.php?rest_route=%2Fwp%2Fv2%2Fmedia&parent=821"}],"wp:term":[{"taxonomy":"category","embeddable":true,"href":"https:\/\/csu-seniorenunion-dgf-lan.de\/index.php?rest_route=%2Fwp%2Fv2%2Fcategories&post=821"},{"taxonomy":"post_tag","embeddable":true,"href":"https:\/\/csu-seniorenunion-dgf-lan.de\/index.php?rest_route=%2Fwp%2Fv2%2Ftags&post=821"}],"curies":[{"name":"wp","href":"https:\/\/api.w.org\/{rel}","templated":true}]}}