{"id":782,"date":"2020-01-15T11:31:57","date_gmt":"2020-01-15T11:31:57","guid":{"rendered":"http:\/\/csu-seniorenunion-dgf-lan.de\/CMS\/?p=782"},"modified":"2020-01-15T11:31:58","modified_gmt":"2020-01-15T11:31:58","slug":"3-dezember-2019-advent-und-weihnachtsfeier","status":"publish","type":"post","link":"https:\/\/csu-seniorenunion-dgf-lan.de\/?p=782","title":{"rendered":"3. Dezember 2019: Advent- und Weihnachtsfeier"},"content":{"rendered":"\n<p>Viele G\u00e4ste besuchten die traditionelle Advent- und Weihnachtsfeier der Senioren-Union im Landgasthof Apfelbeck in Mamming. Die Kreisvorsitzende Carmen B\u00f6hm freute sich, auch Ehreng\u00e4ste begr\u00fc\u00dfen zu d\u00fcrfen, wie den stellvertretenden Landrat Werner Bumeder, den Bezirksvorsitzenden der SEN Niederbayern Raimund Fries, die stellvertretende Landesvorsitzende der Frauen-Union Niederbayern Gudrun Zollner, das Mitglied des Landtags a. D. Erwin Huber, die Vorsitzende des Arbeitskreises Schule, Bildung und Sport Diana K\u00f6niger, Mammings B\u00fcrgermeister Goerg Eberl sowie den Ehrenvorsitzenden Helmut Stie\u00df. Ihr besonderer Gru\u00df galt auch den Interpreten der Feier, Georg Lettl an der Zither, der G\u00f6pferdinger Stubenmusik mit Geigerin Eva Flassig-Will, Karin S\u00fc\u00df am Hackbrett und Gitarristin Stephi Rosner. Unter der Moderation der Kreisvorsitzenden erwartete die G\u00e4ste ein Nachmittag mit gef\u00fchlvollen Melodien sowie nachdenklichen und homurvollen Geschichten. Bei Gl\u00fchwein und Geb\u00e4ck konnten die Besucher von der Hektik des Alltags abschalten, der Musik lauschen und sich auf die Weihnachtszeit einstimmen.<\/p>\n\n\n\n<p>Gastredner Werner Bumeder, Mammings zweiter B\u00fcrgermeister und Kandidat f\u00fcr die Landratswahlen 2020, freute sich, die Mitglieder der SEN &#8222;dahoam&#8220; in seiner Gemeinde begr\u00fc\u00dfen zu d\u00fcrfen. Er dankte der SEN, die starken Mitgliederzuwachs zu verzeichnen hat, was sicher auch den vielen Aktivit\u00e4ten rund ums Jahr zu danken ist.   <\/p>\n\n\n\n<p>Raimund Fries steuerte in seinem Gru\u00dfwort mit zwei humorvollen Beitr\u00e4gen zum abwechslungsreichen Programm bei, das den G\u00e4sten auch auf den Tischen bereit lag. Zwischen den einzelnen Musikst\u00fccken stimmten alle gemeinsam in zwei bekannte Weihnachtslieder ein.<\/p>\n\n\n\n<p>Carmen B\u00f6hm dankte in ihrem Schlusswort allen Mitwirkenden sowie den Helfern und Unterst\u00fctzern der SEN w\u00e4hrend des ganzen Jahres.<\/p>\n\n\n\n<p><\/p>\n\n\n\n<figure class=\"wp-block-gallery columns-3 is-cropped wp-block-gallery-1 is-layout-flex wp-block-gallery-is-layout-flex\"><ul class=\"blocks-gallery-grid\"><li class=\"blocks-gallery-item\"><figure><img loading=\"lazy\" decoding=\"async\" width=\"1024\" height=\"768\" src=\"https:\/\/csu-seniorenunion-dgf-lan.de\/CMS\/wp-content\/uploads\/2020\/01\/03.12.19-W-2-1-1024x768.jpg\" alt=\"\" data-id=\"785\" class=\"wp-image-785\" srcset=\"https:\/\/csu-seniorenunion-dgf-lan.de\/wp-content\/uploads\/2020\/01\/03.12.19-W-2-1-1024x768.jpg 1024w, https:\/\/csu-seniorenunion-dgf-lan.de\/wp-content\/uploads\/2020\/01\/03.12.19-W-2-1-300x225.jpg 300w, https:\/\/csu-seniorenunion-dgf-lan.de\/wp-content\/uploads\/2020\/01\/03.12.19-W-2-1-768x576.jpg 768w, https:\/\/csu-seniorenunion-dgf-lan.de\/wp-content\/uploads\/2020\/01\/03.12.19-W-2-1-1536x1152.jpg 1536w, https:\/\/csu-seniorenunion-dgf-lan.de\/wp-content\/uploads\/2020\/01\/03.12.19-W-2-1-2048x1536.jpg 2048w\" sizes=\"auto, (max-width: 1024px) 100vw, 1024px\" \/><\/figure><\/li><li class=\"blocks-gallery-item\"><figure><img loading=\"lazy\" decoding=\"async\" width=\"1024\" height=\"577\" src=\"https:\/\/csu-seniorenunion-dgf-lan.de\/CMS\/wp-content\/uploads\/2020\/01\/03.12.19-W-K-1-1024x577.jpg\" alt=\"\" data-id=\"787\" data-link=\"https:\/\/csu-seniorenunion-dgf-lan.de\/CMS\/?attachment_id=787#main\" class=\"wp-image-787\" srcset=\"https:\/\/csu-seniorenunion-dgf-lan.de\/wp-content\/uploads\/2020\/01\/03.12.19-W-K-1-1024x577.jpg 1024w, https:\/\/csu-seniorenunion-dgf-lan.de\/wp-content\/uploads\/2020\/01\/03.12.19-W-K-1-300x169.jpg 300w, https:\/\/csu-seniorenunion-dgf-lan.de\/wp-content\/uploads\/2020\/01\/03.12.19-W-K-1-768x433.jpg 768w, https:\/\/csu-seniorenunion-dgf-lan.de\/wp-content\/uploads\/2020\/01\/03.12.19-W-K-1-1536x865.jpg 1536w, https:\/\/csu-seniorenunion-dgf-lan.de\/wp-content\/uploads\/2020\/01\/03.12.19-W-K-1-2048x1154.jpg 2048w\" sizes=\"auto, (max-width: 1024px) 100vw, 1024px\" \/><\/figure><\/li><li class=\"blocks-gallery-item\"><figure><img loading=\"lazy\" decoding=\"async\" width=\"1024\" height=\"577\" src=\"https:\/\/csu-seniorenunion-dgf-lan.de\/CMS\/wp-content\/uploads\/2020\/01\/03.12.19-W-K-2-1024x577.jpg\" alt=\"\" data-id=\"789\" data-full-url=\"https:\/\/csu-seniorenunion-dgf-lan.de\/CMS\/wp-content\/uploads\/2020\/01\/03.12.19-W-K-2-scaled.jpg\" data-link=\"https:\/\/csu-seniorenunion-dgf-lan.de\/CMS\/?attachment_id=789#main\" class=\"wp-image-789\" srcset=\"https:\/\/csu-seniorenunion-dgf-lan.de\/wp-content\/uploads\/2020\/01\/03.12.19-W-K-2-1024x577.jpg 1024w, https:\/\/csu-seniorenunion-dgf-lan.de\/wp-content\/uploads\/2020\/01\/03.12.19-W-K-2-300x169.jpg 300w, https:\/\/csu-seniorenunion-dgf-lan.de\/wp-content\/uploads\/2020\/01\/03.12.19-W-K-2-768x433.jpg 768w, https:\/\/csu-seniorenunion-dgf-lan.de\/wp-content\/uploads\/2020\/01\/03.12.19-W-K-2-1536x865.jpg 1536w, https:\/\/csu-seniorenunion-dgf-lan.de\/wp-content\/uploads\/2020\/01\/03.12.19-W-K-2-2048x1154.jpg 2048w\" sizes=\"auto, (max-width: 1024px) 100vw, 1024px\" \/><\/figure><\/li><li class=\"blocks-gallery-item\"><figure><img loading=\"lazy\" decoding=\"async\" width=\"1024\" height=\"768\" src=\"https:\/\/csu-seniorenunion-dgf-lan.de\/CMS\/wp-content\/uploads\/2020\/01\/03.12.19-W-1-2-1024x768.jpg\" alt=\"\" data-id=\"788\" data-link=\"https:\/\/csu-seniorenunion-dgf-lan.de\/CMS\/?attachment_id=788#main\" class=\"wp-image-788\" srcset=\"https:\/\/csu-seniorenunion-dgf-lan.de\/wp-content\/uploads\/2020\/01\/03.12.19-W-1-2-1024x768.jpg 1024w, https:\/\/csu-seniorenunion-dgf-lan.de\/wp-content\/uploads\/2020\/01\/03.12.19-W-1-2-300x225.jpg 300w, https:\/\/csu-seniorenunion-dgf-lan.de\/wp-content\/uploads\/2020\/01\/03.12.19-W-1-2-768x576.jpg 768w, https:\/\/csu-seniorenunion-dgf-lan.de\/wp-content\/uploads\/2020\/01\/03.12.19-W-1-2-1536x1152.jpg 1536w, https:\/\/csu-seniorenunion-dgf-lan.de\/wp-content\/uploads\/2020\/01\/03.12.19-W-1-2-2048x1536.jpg 2048w\" sizes=\"auto, (max-width: 1024px) 100vw, 1024px\" \/><\/figure><\/li><\/ul><\/figure>\n\n\n\n<figure class=\"wp-block-gallery columns-0 is-cropped wp-block-gallery-2 is-layout-flex wp-block-gallery-is-layout-flex\"><ul class=\"blocks-gallery-grid\"><\/ul><\/figure>\n\n\n\n<p>   <\/p>\n","protected":false},"excerpt":{"rendered":"<p>Viele G\u00e4ste besuchten die traditionelle Advent- und Weihnachtsfeier der Senioren-Union im Landgasthof Apfelbeck in Mamming. Die Kreisvorsitzende Carmen B\u00f6hm freute sich, auch Ehreng\u00e4ste begr\u00fc\u00dfen zu d\u00fcrfen, wie den stellvertretenden Landrat Werner Bumeder, den Bezirksvorsitzenden der SEN Niederbayern Raimund Fries, die stellvertretende Landesvorsitzende der Frauen-Union Niederbayern Gudrun Zollner, das Mitglied des Landtags a. D. Erwin Huber, &#8230; <a title=\"3. Dezember 2019: Advent- und Weihnachtsfeier\" class=\"read-more\" href=\"https:\/\/csu-seniorenunion-dgf-lan.de\/?p=782\" aria-label=\"Mehr Informationen \u00fcber 3. Dezember 2019: Advent- und Weihnachtsfeier\">Weiterlesen<\/a><\/p>\n","protected":false},"author":1,"featured_media":0,"comment_status":"closed","ping_status":"closed","sticky":false,"template":"","format":"standard","meta":{"footnotes":""},"categories":[1],"tags":[],"class_list":["post-782","post","type-post","status-publish","format-standard","hentry","category-csu-seniorenunion-dgf-lan"],"_links":{"self":[{"href":"https:\/\/csu-seniorenunion-dgf-lan.de\/index.php?rest_route=\/wp\/v2\/posts\/782","targetHints":{"allow":["GET"]}}],"collection":[{"href":"https:\/\/csu-seniorenunion-dgf-lan.de\/index.php?rest_route=\/wp\/v2\/posts"}],"about":[{"href":"https:\/\/csu-seniorenunion-dgf-lan.de\/index.php?rest_route=\/wp\/v2\/types\/post"}],"author":[{"embeddable":true,"href":"https:\/\/csu-seniorenunion-dgf-lan.de\/index.php?rest_route=\/wp\/v2\/users\/1"}],"replies":[{"embeddable":true,"href":"https:\/\/csu-seniorenunion-dgf-lan.de\/index.php?rest_route=%2Fwp%2Fv2%2Fcomments&post=782"}],"version-history":[{"count":4,"href":"https:\/\/csu-seniorenunion-dgf-lan.de\/index.php?rest_route=\/wp\/v2\/posts\/782\/revisions"}],"predecessor-version":[{"id":790,"href":"https:\/\/csu-seniorenunion-dgf-lan.de\/index.php?rest_route=\/wp\/v2\/posts\/782\/revisions\/790"}],"wp:attachment":[{"href":"https:\/\/csu-seniorenunion-dgf-lan.de\/index.php?rest_route=%2Fwp%2Fv2%2Fmedia&parent=782"}],"wp:term":[{"taxonomy":"category","embeddable":true,"href":"https:\/\/csu-seniorenunion-dgf-lan.de\/index.php?rest_route=%2Fwp%2Fv2%2Fcategories&post=782"},{"taxonomy":"post_tag","embeddable":true,"href":"https:\/\/csu-seniorenunion-dgf-lan.de\/index.php?rest_route=%2Fwp%2Fv2%2Ftags&post=782"}],"curies":[{"name":"wp","href":"https:\/\/api.w.org\/{rel}","templated":true}]}}