{"id":660,"date":"2019-06-23T16:58:10","date_gmt":"2019-06-23T16:58:10","guid":{"rendered":"http:\/\/csu-seniorenunion-dgf-lan.de\/CMS\/?p=660"},"modified":"2019-08-23T17:50:28","modified_gmt":"2019-08-23T17:50:28","slug":"23-juni-2019-einladung-des-csu-ortsverbandes-oberhausen-politik-und-geschichten-unterwegs-mit-werner-bumeder","status":"publish","type":"post","link":"https:\/\/csu-seniorenunion-dgf-lan.de\/?p=660","title":{"rendered":"23. Juni 2019: Einladung des CSU-Ortsverbandes Oberhausen: &#8222;Politik und Geschichte(n) &#8211; unterwegs mit Werner Bumeder"},"content":{"rendered":"\n<p>Auf Einladung der CSU-Ortsvorsitzenden Oberhausen, Andrea Fitz, trafen sich trotz eines vorangegangenen Gewitterschauers viele Interessierte in Untergries bei Reisbach. Auf einem Fu\u00dfweg durch den Wald wurde das Ziel, die Koronakapelle, genannt &#8222;Kroafrauerl&#8220; erreicht. Andrea Fitz erl\u00e4uterte dazu Geschichte und Legenden rund um das Kroafrauerl. Demnach verirrte sich hier lange vor dem 30-j\u00e4hrigen Krieg ein J\u00e4ger bei der Jagd anch einem Hirsch. Er versprach der hl. Corona eine Kapelle nach erfolgter Rettung aus dem damalig viel gr\u00f6\u00dferen Waldgebiet. Die Kapelle wurde zum Wallfahrtsort. Das \u00e4lteste schriftliche Zeugnis dar\u00fcber stammt aus Mamming aus dem Jahr 1630. <\/p>\n\n\n\n<ul class=\"wp-block-gallery columns-2 is-cropped wp-block-gallery-1 is-layout-flex wp-block-gallery-is-layout-flex\"><li class=\"blocks-gallery-item\"><figure><img loading=\"lazy\" decoding=\"async\" width=\"1024\" height=\"768\" src=\"https:\/\/csu-seniorenunion-dgf-lan.de\/CMS\/wp-content\/uploads\/2019\/08\/23.06.19-CSU-Oberhausen-Kroafrauerl-5-1024x768.jpg\" alt=\"\" data-id=\"688\" data-link=\"https:\/\/csu-seniorenunion-dgf-lan.de\/CMS\/?attachment_id=688#main\" class=\"wp-image-688\" srcset=\"https:\/\/csu-seniorenunion-dgf-lan.de\/wp-content\/uploads\/2019\/08\/23.06.19-CSU-Oberhausen-Kroafrauerl-5-1024x768.jpg 1024w, https:\/\/csu-seniorenunion-dgf-lan.de\/wp-content\/uploads\/2019\/08\/23.06.19-CSU-Oberhausen-Kroafrauerl-5-300x225.jpg 300w, https:\/\/csu-seniorenunion-dgf-lan.de\/wp-content\/uploads\/2019\/08\/23.06.19-CSU-Oberhausen-Kroafrauerl-5-768x576.jpg 768w\" sizes=\"auto, (max-width: 1024px) 100vw, 1024px\" \/><\/figure><\/li><li class=\"blocks-gallery-item\"><figure><img loading=\"lazy\" decoding=\"async\" width=\"1024\" height=\"768\" src=\"https:\/\/csu-seniorenunion-dgf-lan.de\/CMS\/wp-content\/uploads\/2019\/08\/23.06.19-CSU-Oberhausen-Kroafrauerl-4-1024x768.jpg\" alt=\"\" data-id=\"689\" data-link=\"https:\/\/csu-seniorenunion-dgf-lan.de\/CMS\/?attachment_id=689#main\" class=\"wp-image-689\" srcset=\"https:\/\/csu-seniorenunion-dgf-lan.de\/wp-content\/uploads\/2019\/08\/23.06.19-CSU-Oberhausen-Kroafrauerl-4-1024x768.jpg 1024w, https:\/\/csu-seniorenunion-dgf-lan.de\/wp-content\/uploads\/2019\/08\/23.06.19-CSU-Oberhausen-Kroafrauerl-4-300x225.jpg 300w, https:\/\/csu-seniorenunion-dgf-lan.de\/wp-content\/uploads\/2019\/08\/23.06.19-CSU-Oberhausen-Kroafrauerl-4-768x576.jpg 768w\" sizes=\"auto, (max-width: 1024px) 100vw, 1024px\" \/><\/figure><\/li><\/ul>\n\n\n\n<p>Nach der Waldwanderung, an der sich auch MdL Dr. Petra Loibl beteiligte, sa\u00dfen die G\u00e4ste noch in gem\u00fctlicher Runde bei Kaffee, Kuchen und Getr\u00e4nken zu einem Gedankenaustausch beisammen. Stv. Landrat Werner Bumeder berichtete, dass die Kapelle Kroafrauerl, zur Pfarrei Bubach geh\u00f6rend, auch von dieser Seite Anlaufpunkt verschiedener Veranstaltungen sei. Er begr\u00fc\u00dfte es, wenn auf diese Weise die Heimat vorgestellt werde und diese Zusammenkunft in ungezwungener Atmosph\u00e4re Gelegenenheit gebe, \u00fcber Politik und anderes zu sprechen.      <\/p>\n\n\n\n<div class=\"wp-block-image\"><figure class=\"aligncenter is-resized\"><img loading=\"lazy\" decoding=\"async\" src=\"https:\/\/csu-seniorenunion-dgf-lan.de\/CMS\/wp-content\/uploads\/2019\/08\/23.06.19-CSU-Oberhausen-Kroafrauerl-Gruppe-MB-3-1024x768.jpg\" alt=\"\" class=\"wp-image-686\" width=\"1024\" height=\"768\" srcset=\"https:\/\/csu-seniorenunion-dgf-lan.de\/wp-content\/uploads\/2019\/08\/23.06.19-CSU-Oberhausen-Kroafrauerl-Gruppe-MB-3-1024x768.jpg 1024w, https:\/\/csu-seniorenunion-dgf-lan.de\/wp-content\/uploads\/2019\/08\/23.06.19-CSU-Oberhausen-Kroafrauerl-Gruppe-MB-3-300x225.jpg 300w, https:\/\/csu-seniorenunion-dgf-lan.de\/wp-content\/uploads\/2019\/08\/23.06.19-CSU-Oberhausen-Kroafrauerl-Gruppe-MB-3-768x576.jpg 768w\" sizes=\"auto, (max-width: 1024px) 100vw, 1024px\" \/><\/figure><\/div>\n","protected":false},"excerpt":{"rendered":"<p>Auf Einladung der CSU-Ortsvorsitzenden Oberhausen, Andrea Fitz, trafen sich trotz eines vorangegangenen Gewitterschauers viele Interessierte in Untergries bei Reisbach. Auf einem Fu\u00dfweg durch den Wald wurde das Ziel, die Koronakapelle, genannt &#8222;Kroafrauerl&#8220; erreicht. Andrea Fitz erl\u00e4uterte dazu Geschichte und Legenden rund um das Kroafrauerl. Demnach verirrte sich hier lange vor dem 30-j\u00e4hrigen Krieg ein J\u00e4ger &#8230; <a title=\"23. Juni 2019: Einladung des CSU-Ortsverbandes Oberhausen: &#8222;Politik und Geschichte(n) &#8211; unterwegs mit Werner Bumeder\" class=\"read-more\" href=\"https:\/\/csu-seniorenunion-dgf-lan.de\/?p=660\" aria-label=\"Mehr Informationen \u00fcber 23. Juni 2019: Einladung des CSU-Ortsverbandes Oberhausen: &#8222;Politik und Geschichte(n) &#8211; unterwegs mit Werner Bumeder\">Weiterlesen<\/a><\/p>\n","protected":false},"author":1,"featured_media":662,"comment_status":"closed","ping_status":"closed","sticky":false,"template":"","format":"standard","meta":{"footnotes":""},"categories":[1],"tags":[],"class_list":["post-660","post","type-post","status-publish","format-standard","has-post-thumbnail","hentry","category-csu-seniorenunion-dgf-lan"],"_links":{"self":[{"href":"https:\/\/csu-seniorenunion-dgf-lan.de\/index.php?rest_route=\/wp\/v2\/posts\/660","targetHints":{"allow":["GET"]}}],"collection":[{"href":"https:\/\/csu-seniorenunion-dgf-lan.de\/index.php?rest_route=\/wp\/v2\/posts"}],"about":[{"href":"https:\/\/csu-seniorenunion-dgf-lan.de\/index.php?rest_route=\/wp\/v2\/types\/post"}],"author":[{"embeddable":true,"href":"https:\/\/csu-seniorenunion-dgf-lan.de\/index.php?rest_route=\/wp\/v2\/users\/1"}],"replies":[{"embeddable":true,"href":"https:\/\/csu-seniorenunion-dgf-lan.de\/index.php?rest_route=%2Fwp%2Fv2%2Fcomments&post=660"}],"version-history":[{"count":8,"href":"https:\/\/csu-seniorenunion-dgf-lan.de\/index.php?rest_route=\/wp\/v2\/posts\/660\/revisions"}],"predecessor-version":[{"id":694,"href":"https:\/\/csu-seniorenunion-dgf-lan.de\/index.php?rest_route=\/wp\/v2\/posts\/660\/revisions\/694"}],"wp:featuredmedia":[{"embeddable":true,"href":"https:\/\/csu-seniorenunion-dgf-lan.de\/index.php?rest_route=\/wp\/v2\/media\/662"}],"wp:attachment":[{"href":"https:\/\/csu-seniorenunion-dgf-lan.de\/index.php?rest_route=%2Fwp%2Fv2%2Fmedia&parent=660"}],"wp:term":[{"taxonomy":"category","embeddable":true,"href":"https:\/\/csu-seniorenunion-dgf-lan.de\/index.php?rest_route=%2Fwp%2Fv2%2Fcategories&post=660"},{"taxonomy":"post_tag","embeddable":true,"href":"https:\/\/csu-seniorenunion-dgf-lan.de\/index.php?rest_route=%2Fwp%2Fv2%2Ftags&post=660"}],"curies":[{"name":"wp","href":"https:\/\/api.w.org\/{rel}","templated":true}]}}