{"id":1665,"date":"2026-01-21T20:56:54","date_gmt":"2026-01-21T20:56:54","guid":{"rendered":"https:\/\/csu-seniorenunion-dgf-lan.de\/?p=1665"},"modified":"2026-01-21T20:56:54","modified_gmt":"2026-01-21T20:56:54","slug":"14-dezember-2025-advent-und-weihnachtsfeier","status":"publish","type":"post","link":"https:\/\/csu-seniorenunion-dgf-lan.de\/?p=1665","title":{"rendered":"14. Dezember 2025: Advent- und Weihnachtsfeier"},"content":{"rendered":"\n<p>Viele G\u00e4ste konnte die Kreisvorsitzende der SEN bei der Weihnachtsfeier im Vilstaler Hof in Rottersdorf begr\u00fc\u00dfen, insbesondere die angereisten Ehreng\u00e4ste MdB G\u00fcnter Baumgartner, MdL Dr Petra Loibl, den Bezirksvorsitzenden Raimund Fries, die stellvertretende Landesvorsitzende der Frauen-Union Gudrun Zollner, die Kreisvorsitzende der FU Andrea Fitz und MdB a. D. Max Straubinger. Bei Gl\u00fchwein und Geb\u00e4ck stimmten sich alle auf die Adventzeit ein. Die G\u00f6pferdinger Stubenmusik begleitete den Nachmittag mit Instrumentalmusik, Gesang und Wortbeitr\u00e4gen aufs Beste. Aufmerksam lauschten die Besucher den lobenden Gru\u00dfworten und der politischen Information von G\u00fcnter Baumgartner und Raimund Fries. Gemeinsam sangen alle auch bekannte Weihnachtslieder.<\/p>\n\n\n\n<p>Als besondere \u00dcberraschung schepperten die &#8222;Oaringer Krampein&#8220; aus Ainring im Berchtesgadener Land in den Saal, begleitet von Nikolaus und Engerl. Nikolaus sprach die G\u00e4ste mit humorvollen Worten auf ihre Eigenschaften an. Einige G\u00e4ste lachten herzlich \u00fcber ihre etwas ru\u00dfigen Gesicher, die ihnen die Krampein verliehen hatten, so auch die G\u00f6pferdinger Damen. Der Auftritt erfreute alle. Das Engerl verteilte dazu S\u00fc\u00dfigkeiten und weihnachtliche Anh\u00e4nger an alle G\u00e4ste. Bei netter Unterhaltung endete die gelungene sch\u00f6ne Feier.&#8220;<\/p>\n\n\n\n<div class=\"wp-block-columns is-layout-flex wp-container-core-columns-is-layout-9d6595d7 wp-block-columns-is-layout-flex\">\n<div class=\"wp-block-column is-layout-flow wp-block-column-is-layout-flow\" style=\"flex-basis:66.66%\">\n<figure class=\"wp-block-gallery has-nested-images columns-default is-cropped wp-block-gallery-1 is-layout-flex wp-block-gallery-is-layout-flex\">\n<figure class=\"wp-block-image size-large\"><img loading=\"lazy\" decoding=\"async\" width=\"1024\" height=\"676\" data-id=\"1668\" src=\"https:\/\/csu-seniorenunion-dgf-lan.de\/wp-content\/uploads\/2026\/01\/14.12.25-W-Feier-Gruppe-neu-m.R-1024x676.jpg\" alt=\"\" class=\"wp-image-1668\" srcset=\"https:\/\/csu-seniorenunion-dgf-lan.de\/wp-content\/uploads\/2026\/01\/14.12.25-W-Feier-Gruppe-neu-m.R-1024x676.jpg 1024w, https:\/\/csu-seniorenunion-dgf-lan.de\/wp-content\/uploads\/2026\/01\/14.12.25-W-Feier-Gruppe-neu-m.R-300x198.jpg 300w, https:\/\/csu-seniorenunion-dgf-lan.de\/wp-content\/uploads\/2026\/01\/14.12.25-W-Feier-Gruppe-neu-m.R-768x507.jpg 768w, https:\/\/csu-seniorenunion-dgf-lan.de\/wp-content\/uploads\/2026\/01\/14.12.25-W-Feier-Gruppe-neu-m.R-1536x1014.jpg 1536w, https:\/\/csu-seniorenunion-dgf-lan.de\/wp-content\/uploads\/2026\/01\/14.12.25-W-Feier-Gruppe-neu-m.R.jpg 1758w\" sizes=\"auto, (max-width: 1024px) 100vw, 1024px\" \/><\/figure>\n<\/figure>\n<\/div>\n\n\n\n<div class=\"wp-block-column is-layout-flow wp-block-column-is-layout-flow\" style=\"flex-basis:33.33%\">\n<figure class=\"wp-block-gallery has-nested-images columns-default is-cropped wp-block-gallery-2 is-layout-flex wp-block-gallery-is-layout-flex\">\n<figure class=\"wp-block-image size-large\"><img loading=\"lazy\" decoding=\"async\" width=\"567\" height=\"1024\" data-id=\"1669\" src=\"https:\/\/csu-seniorenunion-dgf-lan.de\/wp-content\/uploads\/2026\/01\/14.12.25-W-Feier-Baumgartner-m.R-567x1024.jpg\" alt=\"\" class=\"wp-image-1669\" srcset=\"https:\/\/csu-seniorenunion-dgf-lan.de\/wp-content\/uploads\/2026\/01\/14.12.25-W-Feier-Baumgartner-m.R-567x1024.jpg 567w, https:\/\/csu-seniorenunion-dgf-lan.de\/wp-content\/uploads\/2026\/01\/14.12.25-W-Feier-Baumgartner-m.R-166x300.jpg 166w, https:\/\/csu-seniorenunion-dgf-lan.de\/wp-content\/uploads\/2026\/01\/14.12.25-W-Feier-Baumgartner-m.R-768x1387.jpg 768w, https:\/\/csu-seniorenunion-dgf-lan.de\/wp-content\/uploads\/2026\/01\/14.12.25-W-Feier-Baumgartner-m.R-850x1536.jpg 850w, https:\/\/csu-seniorenunion-dgf-lan.de\/wp-content\/uploads\/2026\/01\/14.12.25-W-Feier-Baumgartner-m.R-1134x2048.jpg 1134w, https:\/\/csu-seniorenunion-dgf-lan.de\/wp-content\/uploads\/2026\/01\/14.12.25-W-Feier-Baumgartner-m.R-scaled.jpg 1417w\" sizes=\"auto, (max-width: 567px) 100vw, 567px\" \/><\/figure>\n<\/figure>\n<\/div>\n<\/div>\n\n\n\n<div class=\"wp-block-columns is-layout-flex wp-container-core-columns-is-layout-9d6595d7 wp-block-columns-is-layout-flex\">\n<div class=\"wp-block-column is-layout-flow wp-block-column-is-layout-flow\">\n<figure class=\"wp-block-gallery has-nested-images columns-default is-cropped wp-block-gallery-3 is-layout-flex wp-block-gallery-is-layout-flex\">\n<figure class=\"wp-block-image size-large\"><img loading=\"lazy\" decoding=\"async\" width=\"1024\" height=\"553\" data-id=\"1671\" src=\"https:\/\/csu-seniorenunion-dgf-lan.de\/wp-content\/uploads\/2026\/01\/14.12.25-W-Feier-Goepferdinger-m.R-1024x553.jpg\" alt=\"\" class=\"wp-image-1671\" srcset=\"https:\/\/csu-seniorenunion-dgf-lan.de\/wp-content\/uploads\/2026\/01\/14.12.25-W-Feier-Goepferdinger-m.R-1024x553.jpg 1024w, https:\/\/csu-seniorenunion-dgf-lan.de\/wp-content\/uploads\/2026\/01\/14.12.25-W-Feier-Goepferdinger-m.R-300x162.jpg 300w, https:\/\/csu-seniorenunion-dgf-lan.de\/wp-content\/uploads\/2026\/01\/14.12.25-W-Feier-Goepferdinger-m.R-768x415.jpg 768w, https:\/\/csu-seniorenunion-dgf-lan.de\/wp-content\/uploads\/2026\/01\/14.12.25-W-Feier-Goepferdinger-m.R-1536x830.jpg 1536w, https:\/\/csu-seniorenunion-dgf-lan.de\/wp-content\/uploads\/2026\/01\/14.12.25-W-Feier-Goepferdinger-m.R-2048x1106.jpg 2048w\" sizes=\"auto, (max-width: 1024px) 100vw, 1024px\" \/><\/figure>\n<\/figure>\n<\/div>\n\n\n\n<div class=\"wp-block-column is-layout-flow wp-block-column-is-layout-flow\">\n<figure class=\"wp-block-gallery has-nested-images columns-default is-cropped wp-block-gallery-4 is-layout-flex wp-block-gallery-is-layout-flex\">\n<figure class=\"wp-block-image size-large\"><img loading=\"lazy\" decoding=\"async\" width=\"775\" height=\"1024\" data-id=\"1672\" src=\"https:\/\/csu-seniorenunion-dgf-lan.de\/wp-content\/uploads\/2026\/01\/14.12.25-Niko-mit-Engerl-m.R-775x1024.jpg\" alt=\"\" class=\"wp-image-1672\" srcset=\"https:\/\/csu-seniorenunion-dgf-lan.de\/wp-content\/uploads\/2026\/01\/14.12.25-Niko-mit-Engerl-m.R-775x1024.jpg 775w, https:\/\/csu-seniorenunion-dgf-lan.de\/wp-content\/uploads\/2026\/01\/14.12.25-Niko-mit-Engerl-m.R-227x300.jpg 227w, https:\/\/csu-seniorenunion-dgf-lan.de\/wp-content\/uploads\/2026\/01\/14.12.25-Niko-mit-Engerl-m.R-768x1015.jpg 768w, https:\/\/csu-seniorenunion-dgf-lan.de\/wp-content\/uploads\/2026\/01\/14.12.25-Niko-mit-Engerl-m.R-1163x1536.jpg 1163w, https:\/\/csu-seniorenunion-dgf-lan.de\/wp-content\/uploads\/2026\/01\/14.12.25-Niko-mit-Engerl-m.R-1550x2048.jpg 1550w, https:\/\/csu-seniorenunion-dgf-lan.de\/wp-content\/uploads\/2026\/01\/14.12.25-Niko-mit-Engerl-m.R-scaled.jpg 1938w\" sizes=\"auto, (max-width: 775px) 100vw, 775px\" \/><\/figure>\n<\/figure>\n<\/div>\n\n\n\n<div class=\"wp-block-column is-layout-flow wp-block-column-is-layout-flow\">\n<figure class=\"wp-block-gallery has-nested-images columns-default is-cropped wp-block-gallery-5 is-layout-flex wp-block-gallery-is-layout-flex\">\n<figure class=\"wp-block-image size-large\"><img loading=\"lazy\" decoding=\"async\" width=\"935\" height=\"1024\" data-id=\"1673\" src=\"https:\/\/csu-seniorenunion-dgf-lan.de\/wp-content\/uploads\/2026\/01\/14.12.25-W-Feier-Krampein-m.R-935x1024.jpg\" alt=\"\" class=\"wp-image-1673\" srcset=\"https:\/\/csu-seniorenunion-dgf-lan.de\/wp-content\/uploads\/2026\/01\/14.12.25-W-Feier-Krampein-m.R-935x1024.jpg 935w, https:\/\/csu-seniorenunion-dgf-lan.de\/wp-content\/uploads\/2026\/01\/14.12.25-W-Feier-Krampein-m.R-274x300.jpg 274w, https:\/\/csu-seniorenunion-dgf-lan.de\/wp-content\/uploads\/2026\/01\/14.12.25-W-Feier-Krampein-m.R-768x841.jpg 768w, https:\/\/csu-seniorenunion-dgf-lan.de\/wp-content\/uploads\/2026\/01\/14.12.25-W-Feier-Krampein-m.R-1402x1536.jpg 1402w, https:\/\/csu-seniorenunion-dgf-lan.de\/wp-content\/uploads\/2026\/01\/14.12.25-W-Feier-Krampein-m.R-1869x2048.jpg 1869w, https:\/\/csu-seniorenunion-dgf-lan.de\/wp-content\/uploads\/2026\/01\/14.12.25-W-Feier-Krampein-m.R.jpg 1915w\" sizes=\"auto, (max-width: 935px) 100vw, 935px\" \/><\/figure>\n<\/figure>\n<\/div>\n<\/div>\n","protected":false},"excerpt":{"rendered":"<p>Viele G\u00e4ste konnte die Kreisvorsitzende der SEN bei der Weihnachtsfeier im Vilstaler Hof in Rottersdorf begr\u00fc\u00dfen, insbesondere die angereisten Ehreng\u00e4ste MdB G\u00fcnter Baumgartner, MdL Dr Petra Loibl, den Bezirksvorsitzenden Raimund Fries, die stellvertretende Landesvorsitzende der Frauen-Union Gudrun Zollner, die Kreisvorsitzende der FU Andrea Fitz und MdB a. D. Max Straubinger. Bei Gl\u00fchwein und Geb\u00e4ck stimmten &#8230; <a title=\"14. Dezember 2025: Advent- und Weihnachtsfeier\" class=\"read-more\" href=\"https:\/\/csu-seniorenunion-dgf-lan.de\/?p=1665\" aria-label=\"Mehr Informationen \u00fcber 14. Dezember 2025: Advent- und Weihnachtsfeier\">Weiterlesen<\/a><\/p>\n","protected":false},"author":1,"featured_media":0,"comment_status":"closed","ping_status":"closed","sticky":false,"template":"","format":"standard","meta":{"footnotes":""},"categories":[1],"tags":[],"class_list":["post-1665","post","type-post","status-publish","format-standard","hentry","category-csu-seniorenunion-dgf-lan"],"_links":{"self":[{"href":"https:\/\/csu-seniorenunion-dgf-lan.de\/index.php?rest_route=\/wp\/v2\/posts\/1665","targetHints":{"allow":["GET"]}}],"collection":[{"href":"https:\/\/csu-seniorenunion-dgf-lan.de\/index.php?rest_route=\/wp\/v2\/posts"}],"about":[{"href":"https:\/\/csu-seniorenunion-dgf-lan.de\/index.php?rest_route=\/wp\/v2\/types\/post"}],"author":[{"embeddable":true,"href":"https:\/\/csu-seniorenunion-dgf-lan.de\/index.php?rest_route=\/wp\/v2\/users\/1"}],"replies":[{"embeddable":true,"href":"https:\/\/csu-seniorenunion-dgf-lan.de\/index.php?rest_route=%2Fwp%2Fv2%2Fcomments&post=1665"}],"version-history":[{"count":5,"href":"https:\/\/csu-seniorenunion-dgf-lan.de\/index.php?rest_route=\/wp\/v2\/posts\/1665\/revisions"}],"predecessor-version":[{"id":1675,"href":"https:\/\/csu-seniorenunion-dgf-lan.de\/index.php?rest_route=\/wp\/v2\/posts\/1665\/revisions\/1675"}],"wp:attachment":[{"href":"https:\/\/csu-seniorenunion-dgf-lan.de\/index.php?rest_route=%2Fwp%2Fv2%2Fmedia&parent=1665"}],"wp:term":[{"taxonomy":"category","embeddable":true,"href":"https:\/\/csu-seniorenunion-dgf-lan.de\/index.php?rest_route=%2Fwp%2Fv2%2Fcategories&post=1665"},{"taxonomy":"post_tag","embeddable":true,"href":"https:\/\/csu-seniorenunion-dgf-lan.de\/index.php?rest_route=%2Fwp%2Fv2%2Ftags&post=1665"}],"curies":[{"name":"wp","href":"https:\/\/api.w.org\/{rel}","templated":true}]}}