{"id":1660,"date":"2026-01-21T20:54:37","date_gmt":"2026-01-21T20:54:37","guid":{"rendered":"https:\/\/csu-seniorenunion-dgf-lan.de\/?p=1660"},"modified":"2026-01-21T20:54:38","modified_gmt":"2026-01-21T20:54:38","slug":"9-dezember-2025-besuch-des-seniorenheims-mengkofen","status":"publish","type":"post","link":"https:\/\/csu-seniorenunion-dgf-lan.de\/?p=1660","title":{"rendered":"9. Dezember 2025: Besuch des Seniorenheims Mengkofen"},"content":{"rendered":"\n<p>In der Adventzeit ist es dem Kreisverband der Senioren-Union (SEN) ein Anliegen, einem Seniorenheim einen Besuch abzustatten. Dieses Jahr war es das Seniorenheim in Mengkofen. Die Heimleiterin Frau Maria Huber begr\u00fc\u00dfte die Abordnung mit der Kreisvorsitzenden sowie Klaus B\u00f6hm und Matth\u00e4us Strebl MdB a. D. In angenehmer Gespr\u00e4chsrunde wurde Aktuelles rund um das Pflegeheim besprochen. Sind doch Carmen und Klaus B\u00f6hm auch im Heimbeirat des Seniorenheims St. Josef in Reisbach t\u00e4tig. St. Josef und St. Antonius sind die beiden Seniorenheime, die nicht im Privatbesitz sind, sondern dankenswerterweise dem Landkreis Dingolfing-Landau unterstehen. So konnten unter anderem die Um- bzw. Neubauten der beiden Heime sowie Probleme mit dem allgemeinen Personalmangel und weitere Anliegen besprochen werden. Die SEN bedankte sich f\u00fcr den freundlichen Empfang mit mitgebrachtem Weihnachtsgeb\u00e4ck f\u00fcr alle Heimbewohner.&#8220;<\/p>\n\n\n\n<div class=\"wp-block-columns is-layout-flex wp-container-core-columns-is-layout-9d6595d7 wp-block-columns-is-layout-flex\">\n<div class=\"wp-block-column is-layout-flow wp-block-column-is-layout-flow\">\n<figure class=\"wp-block-gallery has-nested-images columns-default is-cropped wp-block-gallery-1 is-layout-flex wp-block-gallery-is-layout-flex\">\n<figure class=\"wp-block-image size-large\"><img loading=\"lazy\" decoding=\"async\" width=\"1024\" height=\"612\" data-id=\"1663\" src=\"https:\/\/csu-seniorenunion-dgf-lan.de\/wp-content\/uploads\/2026\/01\/09.12.25-Mengkofen-1-a-m.R-1024x612.jpg\" alt=\"\" class=\"wp-image-1663\" srcset=\"https:\/\/csu-seniorenunion-dgf-lan.de\/wp-content\/uploads\/2026\/01\/09.12.25-Mengkofen-1-a-m.R-1024x612.jpg 1024w, https:\/\/csu-seniorenunion-dgf-lan.de\/wp-content\/uploads\/2026\/01\/09.12.25-Mengkofen-1-a-m.R-300x179.jpg 300w, https:\/\/csu-seniorenunion-dgf-lan.de\/wp-content\/uploads\/2026\/01\/09.12.25-Mengkofen-1-a-m.R-768x459.jpg 768w, https:\/\/csu-seniorenunion-dgf-lan.de\/wp-content\/uploads\/2026\/01\/09.12.25-Mengkofen-1-a-m.R-1536x918.jpg 1536w, https:\/\/csu-seniorenunion-dgf-lan.de\/wp-content\/uploads\/2026\/01\/09.12.25-Mengkofen-1-a-m.R-2048x1223.jpg 2048w\" sizes=\"auto, (max-width: 1024px) 100vw, 1024px\" \/><\/figure>\n<\/figure>\n<\/div>\n\n\n\n<div class=\"wp-block-column is-layout-flow wp-block-column-is-layout-flow\"><\/div>\n<\/div>\n","protected":false},"excerpt":{"rendered":"<p>In der Adventzeit ist es dem Kreisverband der Senioren-Union (SEN) ein Anliegen, einem Seniorenheim einen Besuch abzustatten. Dieses Jahr war es das Seniorenheim in Mengkofen. Die Heimleiterin Frau Maria Huber begr\u00fc\u00dfte die Abordnung mit der Kreisvorsitzenden sowie Klaus B\u00f6hm und Matth\u00e4us Strebl MdB a. D. In angenehmer Gespr\u00e4chsrunde wurde Aktuelles rund um das Pflegeheim besprochen. &#8230; <a title=\"9. Dezember 2025: Besuch des Seniorenheims Mengkofen\" class=\"read-more\" href=\"https:\/\/csu-seniorenunion-dgf-lan.de\/?p=1660\" aria-label=\"Mehr Informationen \u00fcber 9. Dezember 2025: Besuch des Seniorenheims Mengkofen\">Weiterlesen<\/a><\/p>\n","protected":false},"author":1,"featured_media":0,"comment_status":"closed","ping_status":"closed","sticky":false,"template":"","format":"standard","meta":{"footnotes":""},"categories":[1],"tags":[],"class_list":["post-1660","post","type-post","status-publish","format-standard","hentry","category-csu-seniorenunion-dgf-lan"],"_links":{"self":[{"href":"https:\/\/csu-seniorenunion-dgf-lan.de\/index.php?rest_route=\/wp\/v2\/posts\/1660","targetHints":{"allow":["GET"]}}],"collection":[{"href":"https:\/\/csu-seniorenunion-dgf-lan.de\/index.php?rest_route=\/wp\/v2\/posts"}],"about":[{"href":"https:\/\/csu-seniorenunion-dgf-lan.de\/index.php?rest_route=\/wp\/v2\/types\/post"}],"author":[{"embeddable":true,"href":"https:\/\/csu-seniorenunion-dgf-lan.de\/index.php?rest_route=\/wp\/v2\/users\/1"}],"replies":[{"embeddable":true,"href":"https:\/\/csu-seniorenunion-dgf-lan.de\/index.php?rest_route=%2Fwp%2Fv2%2Fcomments&post=1660"}],"version-history":[{"count":3,"href":"https:\/\/csu-seniorenunion-dgf-lan.de\/index.php?rest_route=\/wp\/v2\/posts\/1660\/revisions"}],"predecessor-version":[{"id":1664,"href":"https:\/\/csu-seniorenunion-dgf-lan.de\/index.php?rest_route=\/wp\/v2\/posts\/1660\/revisions\/1664"}],"wp:attachment":[{"href":"https:\/\/csu-seniorenunion-dgf-lan.de\/index.php?rest_route=%2Fwp%2Fv2%2Fmedia&parent=1660"}],"wp:term":[{"taxonomy":"category","embeddable":true,"href":"https:\/\/csu-seniorenunion-dgf-lan.de\/index.php?rest_route=%2Fwp%2Fv2%2Fcategories&post=1660"},{"taxonomy":"post_tag","embeddable":true,"href":"https:\/\/csu-seniorenunion-dgf-lan.de\/index.php?rest_route=%2Fwp%2Fv2%2Ftags&post=1660"}],"curies":[{"name":"wp","href":"https:\/\/api.w.org\/{rel}","templated":true}]}}