{"id":1608,"date":"2025-10-29T20:13:36","date_gmt":"2025-10-29T20:13:36","guid":{"rendered":"https:\/\/csu-seniorenunion-dgf-lan.de\/?p=1608"},"modified":"2025-10-29T20:26:48","modified_gmt":"2025-10-29T20:26:48","slug":"9-oktober-2025-vortrag-kfz-versicherungsgebuehren-fuer-senioren","status":"publish","type":"post","link":"https:\/\/csu-seniorenunion-dgf-lan.de\/?p=1608","title":{"rendered":"9. Oktober 2025: Vortrag &#8222;Kfz-Versicherungsgeb\u00fchren f\u00fcr Senioren"},"content":{"rendered":"\n<p class=\"has-text-align-center\"><strong><em><mark style=\"background-color:rgba(0, 0, 0, 0)\" class=\"has-inline-color has-accent-color\">\u00d6ffentlicher Stammtisch<\/mark><\/em><\/strong><\/p>\n\n\n\n<p>Nachdem in den Vorjahren Dingolfing und Reisbach die \u00d6rtlichkeit des \u00f6ffentlichen Stammtisches waren, wurde der diesj\u00e4hrige Stammtisch in Landau abgehalten.<\/p>\n\n\n\n<p><strong>Das Thema &#8222;Kfz-Versicherungsgeb\u00fchren f\u00fcr Senioren&#8220; ist ein Thema, das auch im SEN-Bezirk behandelt wird.<\/strong><\/p>\n\n\n\n<p>Zu diesem Thema lud der SEN-Kreisverband den CSU-Ortsvorsitzenden von Landau, Martin Wurster, ein. Martin Wurster war als gepr\u00fcfter Versicherungs- und Finanzmathematiker pr\u00e4destiniert, dieses Thema den interessierten Besuchern fachlich zu erl\u00e4utern. Viele Fragen konnten dabei beantwortet werden.   <\/p>\n\n\n\n<figure class=\"wp-block-gallery has-nested-images columns-default is-cropped wp-block-gallery-1 is-layout-flex wp-block-gallery-is-layout-flex\">\n<figure class=\"wp-block-image size-large\"><img loading=\"lazy\" decoding=\"async\" width=\"1024\" height=\"933\" data-id=\"1610\" src=\"https:\/\/csu-seniorenunion-dgf-lan.de\/wp-content\/uploads\/2025\/10\/09.10.25-Kfz-b-1024x933.jpg\" alt=\"\" class=\"wp-image-1610\" srcset=\"https:\/\/csu-seniorenunion-dgf-lan.de\/wp-content\/uploads\/2025\/10\/09.10.25-Kfz-b-1024x933.jpg 1024w, https:\/\/csu-seniorenunion-dgf-lan.de\/wp-content\/uploads\/2025\/10\/09.10.25-Kfz-b-300x273.jpg 300w, https:\/\/csu-seniorenunion-dgf-lan.de\/wp-content\/uploads\/2025\/10\/09.10.25-Kfz-b-768x700.jpg 768w, https:\/\/csu-seniorenunion-dgf-lan.de\/wp-content\/uploads\/2025\/10\/09.10.25-Kfz-b-1536x1399.jpg 1536w, https:\/\/csu-seniorenunion-dgf-lan.de\/wp-content\/uploads\/2025\/10\/09.10.25-Kfz-b-2048x1866.jpg 2048w\" sizes=\"auto, (max-width: 1024px) 100vw, 1024px\" \/><\/figure>\n<\/figure>\n","protected":false},"excerpt":{"rendered":"<p>\u00d6ffentlicher Stammtisch Nachdem in den Vorjahren Dingolfing und Reisbach die \u00d6rtlichkeit des \u00f6ffentlichen Stammtisches waren, wurde der diesj\u00e4hrige Stammtisch in Landau abgehalten. Das Thema &#8222;Kfz-Versicherungsgeb\u00fchren f\u00fcr Senioren&#8220; ist ein Thema, das auch im SEN-Bezirk behandelt wird. Zu diesem Thema lud der SEN-Kreisverband den CSU-Ortsvorsitzenden von Landau, Martin Wurster, ein. Martin Wurster war als gepr\u00fcfter Versicherungs- &#8230; <a title=\"9. Oktober 2025: Vortrag &#8222;Kfz-Versicherungsgeb\u00fchren f\u00fcr Senioren\" class=\"read-more\" href=\"https:\/\/csu-seniorenunion-dgf-lan.de\/?p=1608\" aria-label=\"Mehr Informationen \u00fcber 9. Oktober 2025: Vortrag &#8222;Kfz-Versicherungsgeb\u00fchren f\u00fcr Senioren\">Weiterlesen<\/a><\/p>\n","protected":false},"author":1,"featured_media":0,"comment_status":"closed","ping_status":"closed","sticky":false,"template":"","format":"standard","meta":{"footnotes":""},"categories":[1],"tags":[],"class_list":["post-1608","post","type-post","status-publish","format-standard","hentry","category-csu-seniorenunion-dgf-lan"],"_links":{"self":[{"href":"https:\/\/csu-seniorenunion-dgf-lan.de\/index.php?rest_route=\/wp\/v2\/posts\/1608","targetHints":{"allow":["GET"]}}],"collection":[{"href":"https:\/\/csu-seniorenunion-dgf-lan.de\/index.php?rest_route=\/wp\/v2\/posts"}],"about":[{"href":"https:\/\/csu-seniorenunion-dgf-lan.de\/index.php?rest_route=\/wp\/v2\/types\/post"}],"author":[{"embeddable":true,"href":"https:\/\/csu-seniorenunion-dgf-lan.de\/index.php?rest_route=\/wp\/v2\/users\/1"}],"replies":[{"embeddable":true,"href":"https:\/\/csu-seniorenunion-dgf-lan.de\/index.php?rest_route=%2Fwp%2Fv2%2Fcomments&post=1608"}],"version-history":[{"count":6,"href":"https:\/\/csu-seniorenunion-dgf-lan.de\/index.php?rest_route=\/wp\/v2\/posts\/1608\/revisions"}],"predecessor-version":[{"id":1640,"href":"https:\/\/csu-seniorenunion-dgf-lan.de\/index.php?rest_route=\/wp\/v2\/posts\/1608\/revisions\/1640"}],"wp:attachment":[{"href":"https:\/\/csu-seniorenunion-dgf-lan.de\/index.php?rest_route=%2Fwp%2Fv2%2Fmedia&parent=1608"}],"wp:term":[{"taxonomy":"category","embeddable":true,"href":"https:\/\/csu-seniorenunion-dgf-lan.de\/index.php?rest_route=%2Fwp%2Fv2%2Fcategories&post=1608"},{"taxonomy":"post_tag","embeddable":true,"href":"https:\/\/csu-seniorenunion-dgf-lan.de\/index.php?rest_route=%2Fwp%2Fv2%2Ftags&post=1608"}],"curies":[{"name":"wp","href":"https:\/\/api.w.org\/{rel}","templated":true}]}}