{"id":1594,"date":"2025-10-29T20:03:27","date_gmt":"2025-10-29T20:03:27","guid":{"rendered":"https:\/\/csu-seniorenunion-dgf-lan.de\/?p=1594"},"modified":"2025-10-29T20:03:30","modified_gmt":"2025-10-29T20:03:30","slug":"23-september-2025-tagesausflug-nach-regensburg","status":"publish","type":"post","link":"https:\/\/csu-seniorenunion-dgf-lan.de\/?p=1594","title":{"rendered":"23. September 2025: Tagesausflug nach Regensburg"},"content":{"rendered":"\n<p>SEN und FU, OV Reisbach, starteten zusammen mit dem Bus nach Regensburg. Das Ziel war das Haus der Bayerischen Geschichte mit der Bayerischen Landesausstellung &#8222;Ludwig I. &#8211; Bayerns gr\u00f6\u00dfter K\u00f6nig?&#8220;<\/p>\n\n\n\n<p>Mit ausf\u00fchrlichen Reiseunterlagen von der Organisatorin Carmen B\u00f6hm versehen, konnten die Ausfl\u00fcgler die eindrucksvolle Ausstellung betrachten. Interessante Exponate, unter anderem der Abdankungsbrief des Monarchen, zogen die Blicke auf sich. <\/p>\n\n\n\n<p>Nach einem Mittagesssen in der im Museum befindlichen &#8222;BREZERIA&#8220; spazierte die Reisegesellschaft zum Domplatz. Hier waren bereits Tickets f\u00fcr die Bimmelbahn zu einer Fahrt durch die Stadt reserviert. Auf der gem\u00fctlichen Stadtrundfahrt h\u00f6rten die G\u00e4ste Informatives \u00fcber die Hauptstadt des Bezirks Oberpfalz. Anschlie\u00dfend erfolgte ein Aufenthalt im Wei\u00dfbr\u00e4uhaus zu einer Kaffeepause. Am sp\u00e4ten Nachmittag spazierten die Ausfl\u00fcgler durch die Innenstadt \u00fcber die ber\u00fchmte Steinerne Br\u00fccke mit seiner bekannten Wurstkuchl, um die Heimfahrt mit dem Bus anzutreten. Zwischenstation wurde dabei in Sossau bei Straubing zur Einkehr zum Abendessen gemacht. Hier waren die Eindr\u00fccke des Tages in geselliger Runde Gespr\u00e4chsstoff, bevor die Reisegesellschaft wieder nach Hause zur\u00fcckkehrte.<\/p>\n\n\n\n<div class=\"wp-block-columns is-layout-flex wp-container-core-columns-is-layout-9d6595d7 wp-block-columns-is-layout-flex\">\n<div class=\"wp-block-column is-layout-flow wp-block-column-is-layout-flow\" style=\"flex-basis:25%\">\n<figure class=\"wp-block-gallery has-nested-images columns-default is-cropped wp-block-gallery-1 is-layout-flex wp-block-gallery-is-layout-flex\">\n<figure class=\"wp-block-image size-large\"><img loading=\"lazy\" decoding=\"async\" width=\"1024\" height=\"582\" data-id=\"1603\" src=\"https:\/\/csu-seniorenunion-dgf-lan.de\/wp-content\/uploads\/2025\/10\/23.09.25-Regensburg-Ausstellungssaal-m.R-1024x582.jpg\" alt=\"\" class=\"wp-image-1603\" srcset=\"https:\/\/csu-seniorenunion-dgf-lan.de\/wp-content\/uploads\/2025\/10\/23.09.25-Regensburg-Ausstellungssaal-m.R-1024x582.jpg 1024w, https:\/\/csu-seniorenunion-dgf-lan.de\/wp-content\/uploads\/2025\/10\/23.09.25-Regensburg-Ausstellungssaal-m.R-300x170.jpg 300w, https:\/\/csu-seniorenunion-dgf-lan.de\/wp-content\/uploads\/2025\/10\/23.09.25-Regensburg-Ausstellungssaal-m.R-768x436.jpg 768w, https:\/\/csu-seniorenunion-dgf-lan.de\/wp-content\/uploads\/2025\/10\/23.09.25-Regensburg-Ausstellungssaal-m.R-1536x873.jpg 1536w, https:\/\/csu-seniorenunion-dgf-lan.de\/wp-content\/uploads\/2025\/10\/23.09.25-Regensburg-Ausstellungssaal-m.R-2048x1163.jpg 2048w\" sizes=\"auto, (max-width: 1024px) 100vw, 1024px\" \/><\/figure>\n<\/figure>\n<\/div>\n\n\n\n<div class=\"wp-block-column is-layout-flow wp-block-column-is-layout-flow\" style=\"flex-basis:50%\">\n<figure class=\"wp-block-gallery has-nested-images columns-default is-cropped wp-block-gallery-2 is-layout-flex wp-block-gallery-is-layout-flex\">\n<figure class=\"wp-block-image size-large\"><img loading=\"lazy\" decoding=\"async\" width=\"1024\" height=\"492\" data-id=\"1604\" src=\"https:\/\/csu-seniorenunion-dgf-lan.de\/wp-content\/uploads\/2025\/10\/23.09.25-Regensburg-H.d.B.G.-Gruppe-2-1024x492.jpg\" alt=\"\" class=\"wp-image-1604\" srcset=\"https:\/\/csu-seniorenunion-dgf-lan.de\/wp-content\/uploads\/2025\/10\/23.09.25-Regensburg-H.d.B.G.-Gruppe-2-1024x492.jpg 1024w, https:\/\/csu-seniorenunion-dgf-lan.de\/wp-content\/uploads\/2025\/10\/23.09.25-Regensburg-H.d.B.G.-Gruppe-2-300x144.jpg 300w, https:\/\/csu-seniorenunion-dgf-lan.de\/wp-content\/uploads\/2025\/10\/23.09.25-Regensburg-H.d.B.G.-Gruppe-2-768x369.jpg 768w, https:\/\/csu-seniorenunion-dgf-lan.de\/wp-content\/uploads\/2025\/10\/23.09.25-Regensburg-H.d.B.G.-Gruppe-2-1536x738.jpg 1536w, https:\/\/csu-seniorenunion-dgf-lan.de\/wp-content\/uploads\/2025\/10\/23.09.25-Regensburg-H.d.B.G.-Gruppe-2-2048x983.jpg 2048w\" sizes=\"auto, (max-width: 1024px) 100vw, 1024px\" \/><\/figure>\n<\/figure>\n<\/div>\n\n\n\n<div class=\"wp-block-column is-layout-flow wp-block-column-is-layout-flow\" style=\"flex-basis:25%\">\n<figure class=\"wp-block-gallery has-nested-images columns-default is-cropped wp-block-gallery-3 is-layout-flex wp-block-gallery-is-layout-flex\">\n<figure class=\"wp-block-image size-large\"><img loading=\"lazy\" decoding=\"async\" width=\"1024\" height=\"576\" data-id=\"1605\" src=\"https:\/\/csu-seniorenunion-dgf-lan.de\/wp-content\/uploads\/2025\/10\/23.09.25-Regensburg-Wurstkuchl-1-1024x576.jpg\" alt=\"\" class=\"wp-image-1605\" srcset=\"https:\/\/csu-seniorenunion-dgf-lan.de\/wp-content\/uploads\/2025\/10\/23.09.25-Regensburg-Wurstkuchl-1-1024x576.jpg 1024w, https:\/\/csu-seniorenunion-dgf-lan.de\/wp-content\/uploads\/2025\/10\/23.09.25-Regensburg-Wurstkuchl-1-300x169.jpg 300w, https:\/\/csu-seniorenunion-dgf-lan.de\/wp-content\/uploads\/2025\/10\/23.09.25-Regensburg-Wurstkuchl-1-768x432.jpg 768w, https:\/\/csu-seniorenunion-dgf-lan.de\/wp-content\/uploads\/2025\/10\/23.09.25-Regensburg-Wurstkuchl-1-1536x864.jpg 1536w, https:\/\/csu-seniorenunion-dgf-lan.de\/wp-content\/uploads\/2025\/10\/23.09.25-Regensburg-Wurstkuchl-1-2048x1153.jpg 2048w\" sizes=\"auto, (max-width: 1024px) 100vw, 1024px\" \/><\/figure>\n<\/figure>\n<\/div>\n<\/div>\n\n\n\n<p><\/p>\n\n\n\n<p><\/p>\n\n\n\n<p><\/p>\n","protected":false},"excerpt":{"rendered":"<p>SEN und FU, OV Reisbach, starteten zusammen mit dem Bus nach Regensburg. Das Ziel war das Haus der Bayerischen Geschichte mit der Bayerischen Landesausstellung &#8222;Ludwig I. &#8211; Bayerns gr\u00f6\u00dfter K\u00f6nig?&#8220; Mit ausf\u00fchrlichen Reiseunterlagen von der Organisatorin Carmen B\u00f6hm versehen, konnten die Ausfl\u00fcgler die eindrucksvolle Ausstellung betrachten. Interessante Exponate, unter anderem der Abdankungsbrief des Monarchen, zogen &#8230; <a title=\"23. September 2025: Tagesausflug nach Regensburg\" class=\"read-more\" href=\"https:\/\/csu-seniorenunion-dgf-lan.de\/?p=1594\" aria-label=\"Mehr Informationen \u00fcber 23. September 2025: Tagesausflug nach Regensburg\">Weiterlesen<\/a><\/p>\n","protected":false},"author":1,"featured_media":0,"comment_status":"closed","ping_status":"closed","sticky":false,"template":"","format":"standard","meta":{"footnotes":""},"categories":[1],"tags":[],"class_list":["post-1594","post","type-post","status-publish","format-standard","hentry","category-csu-seniorenunion-dgf-lan"],"_links":{"self":[{"href":"https:\/\/csu-seniorenunion-dgf-lan.de\/index.php?rest_route=\/wp\/v2\/posts\/1594","targetHints":{"allow":["GET"]}}],"collection":[{"href":"https:\/\/csu-seniorenunion-dgf-lan.de\/index.php?rest_route=\/wp\/v2\/posts"}],"about":[{"href":"https:\/\/csu-seniorenunion-dgf-lan.de\/index.php?rest_route=\/wp\/v2\/types\/post"}],"author":[{"embeddable":true,"href":"https:\/\/csu-seniorenunion-dgf-lan.de\/index.php?rest_route=\/wp\/v2\/users\/1"}],"replies":[{"embeddable":true,"href":"https:\/\/csu-seniorenunion-dgf-lan.de\/index.php?rest_route=%2Fwp%2Fv2%2Fcomments&post=1594"}],"version-history":[{"count":7,"href":"https:\/\/csu-seniorenunion-dgf-lan.de\/index.php?rest_route=\/wp\/v2\/posts\/1594\/revisions"}],"predecessor-version":[{"id":1630,"href":"https:\/\/csu-seniorenunion-dgf-lan.de\/index.php?rest_route=\/wp\/v2\/posts\/1594\/revisions\/1630"}],"wp:attachment":[{"href":"https:\/\/csu-seniorenunion-dgf-lan.de\/index.php?rest_route=%2Fwp%2Fv2%2Fmedia&parent=1594"}],"wp:term":[{"taxonomy":"category","embeddable":true,"href":"https:\/\/csu-seniorenunion-dgf-lan.de\/index.php?rest_route=%2Fwp%2Fv2%2Fcategories&post=1594"},{"taxonomy":"post_tag","embeddable":true,"href":"https:\/\/csu-seniorenunion-dgf-lan.de\/index.php?rest_route=%2Fwp%2Fv2%2Ftags&post=1594"}],"curies":[{"name":"wp","href":"https:\/\/api.w.org\/{rel}","templated":true}]}}