{"id":1592,"date":"2025-10-29T19:58:17","date_gmt":"2025-10-29T19:58:17","guid":{"rendered":"https:\/\/csu-seniorenunion-dgf-lan.de\/?p=1592"},"modified":"2025-10-29T19:58:17","modified_gmt":"2025-10-29T19:58:17","slug":"2-august-2025-sommerfest-des-kreisverbandes","status":"publish","type":"post","link":"https:\/\/csu-seniorenunion-dgf-lan.de\/?p=1592","title":{"rendered":"2. August 2025: Sommerfest des Kreisverbandes"},"content":{"rendered":"\n<p>Der Sommer legte zwar eine Pause ein, doch das tat der Gem\u00fctlichkeit keinen Abbruch. Im J\u00e4gerst\u00fcberl am Esterlhof in Niederreisbach fanden sich viele G\u00e4ste ein. Die Kreisvorsitzende Carmen B\u00f6hm begr\u00fc\u00dfte die Besucher und Ehreng\u00e4ste und f\u00fchrte durch das Programm. Gleich zu Beginn erhielt jeder Gast kostenlos ein Tombolalos. Werner Perlinger spielte z\u00fcnftig auf und lud zum Mitsingen ein. Die Jackelberger Jagdhornbl\u00e4ser aus Hagenau unter der Leitung von Ingrid Burgmeier \u00fcberraschten mit &#8222;Auf gehts&#8220; oder auch dem &#8222;Festlichen Marsch&#8220; und lie\u00dfen damit das Brauchtum hochleben. Jeder Gast durfte sich \u00fcber einen wohlschmeckenden Brotzeitteller freuen, den der Kreisverband gestiftet hatte. Zum Abschluss erfolgte die Tombolaziehung, Der Hauptpreis war dabei eine 4-t\u00e4gige Berlinreise f\u00fcr zwei Personen mit Besuch des Bundestages. Diesen Preis hatte der Bundestagsabgeodnete G\u00fcnter Baumgartner spendiert. Aber auch weitere sch\u00f6ne Preise fanden ihre Besitzer, wie unter anderem auch jene, die den Landkreis Dingolfing-Landau darstellen.  <\/p>\n\n\n\n<p>G\u00fcnter Baumgartner freute sich, dass das gesellschaftliche Miteinander und der Austausch auch zu politischen Themen gepflegt wird. Eine wichige Wahl stehe bevor, denn die Kommunen sind die Basis der Demokratie. Wichtig ist ihm, dass man als CSU-Familie Vollgas gibt. Er erl\u00e4uterte nach noch nicht 100 Tagen in Berlin, dass wichtige Themen angegangen wurden. <\/p>\n\n\n\n<p>Am Ende der Veranstaltung stellte die Kreisvorsitzende die noch 2025 stattfindenden Veranstaltungen vor und erkl\u00e4rte auch die Grunds\u00e4tze und das Wirken der Senioren-Union. Sie dankte allen G\u00e4sten und vor allem den Musikern. <\/p>\n\n\n\n<p>Als Ehreng\u00e4ste waren vor Ort: Staatsminister a. D. Erwin Huber, zweiter B\u00fcrgermeister Martin Huber, Kreisvorsitzende der Frauen-Union Andrea Fitz, CSU-Ortsvorsitzender Andreas Steinberger sowie MdB G\u00fcnter Baumgartner.   <\/p>\n\n\n\n<div class=\"wp-block-columns is-layout-flex wp-container-core-columns-is-layout-9d6595d7 wp-block-columns-is-layout-flex\">\n<div class=\"wp-block-column is-layout-flow wp-block-column-is-layout-flow\">\n<figure class=\"wp-block-gallery has-nested-images columns-default is-cropped wp-block-gallery-1 is-layout-flex wp-block-gallery-is-layout-flex\">\n<figure class=\"wp-block-image size-large\"><img loading=\"lazy\" decoding=\"async\" width=\"1024\" height=\"555\" data-id=\"1625\" src=\"https:\/\/csu-seniorenunion-dgf-lan.de\/wp-content\/uploads\/2025\/10\/02.08.25-Sommerfest-Saal-2-m.R-1024x555.jpg\" alt=\"\" class=\"wp-image-1625\" srcset=\"https:\/\/csu-seniorenunion-dgf-lan.de\/wp-content\/uploads\/2025\/10\/02.08.25-Sommerfest-Saal-2-m.R-1024x555.jpg 1024w, https:\/\/csu-seniorenunion-dgf-lan.de\/wp-content\/uploads\/2025\/10\/02.08.25-Sommerfest-Saal-2-m.R-300x162.jpg 300w, https:\/\/csu-seniorenunion-dgf-lan.de\/wp-content\/uploads\/2025\/10\/02.08.25-Sommerfest-Saal-2-m.R-768x416.jpg 768w, https:\/\/csu-seniorenunion-dgf-lan.de\/wp-content\/uploads\/2025\/10\/02.08.25-Sommerfest-Saal-2-m.R-1536x832.jpg 1536w, https:\/\/csu-seniorenunion-dgf-lan.de\/wp-content\/uploads\/2025\/10\/02.08.25-Sommerfest-Saal-2-m.R-2048x1109.jpg 2048w\" sizes=\"auto, (max-width: 1024px) 100vw, 1024px\" \/><\/figure>\n<\/figure>\n<\/div>\n\n\n\n<div class=\"wp-block-column is-layout-flow wp-block-column-is-layout-flow\">\n<figure class=\"wp-block-gallery has-nested-images columns-default is-cropped wp-block-gallery-2 is-layout-flex wp-block-gallery-is-layout-flex\">\n<figure class=\"wp-block-image size-large\"><img loading=\"lazy\" decoding=\"async\" width=\"1024\" height=\"938\" data-id=\"1623\" src=\"https:\/\/csu-seniorenunion-dgf-lan.de\/wp-content\/uploads\/2025\/10\/02.08.25-Sommerfest-Alphornblaeser-Perlinger-m.R-1-1024x938.jpg\" alt=\"\" class=\"wp-image-1623\" srcset=\"https:\/\/csu-seniorenunion-dgf-lan.de\/wp-content\/uploads\/2025\/10\/02.08.25-Sommerfest-Alphornblaeser-Perlinger-m.R-1-1024x938.jpg 1024w, https:\/\/csu-seniorenunion-dgf-lan.de\/wp-content\/uploads\/2025\/10\/02.08.25-Sommerfest-Alphornblaeser-Perlinger-m.R-1-300x275.jpg 300w, https:\/\/csu-seniorenunion-dgf-lan.de\/wp-content\/uploads\/2025\/10\/02.08.25-Sommerfest-Alphornblaeser-Perlinger-m.R-1-768x704.jpg 768w, https:\/\/csu-seniorenunion-dgf-lan.de\/wp-content\/uploads\/2025\/10\/02.08.25-Sommerfest-Alphornblaeser-Perlinger-m.R-1-1536x1407.jpg 1536w, https:\/\/csu-seniorenunion-dgf-lan.de\/wp-content\/uploads\/2025\/10\/02.08.25-Sommerfest-Alphornblaeser-Perlinger-m.R-1.jpg 1932w\" sizes=\"auto, (max-width: 1024px) 100vw, 1024px\" \/><\/figure>\n<\/figure>\n<\/div>\n\n\n\n<div class=\"wp-block-column is-layout-flow wp-block-column-is-layout-flow\">\n<figure class=\"wp-block-gallery has-nested-images columns-default is-cropped wp-block-gallery-3 is-layout-flex wp-block-gallery-is-layout-flex\">\n<figure class=\"wp-block-image size-large\"><img loading=\"lazy\" decoding=\"async\" width=\"1024\" height=\"829\" data-id=\"1624\" src=\"https:\/\/csu-seniorenunion-dgf-lan.de\/wp-content\/uploads\/2025\/10\/02.08.25-Sommerfest-Ehrengaeste-2-1024x829.jpg\" alt=\"\" class=\"wp-image-1624\" srcset=\"https:\/\/csu-seniorenunion-dgf-lan.de\/wp-content\/uploads\/2025\/10\/02.08.25-Sommerfest-Ehrengaeste-2-1024x829.jpg 1024w, https:\/\/csu-seniorenunion-dgf-lan.de\/wp-content\/uploads\/2025\/10\/02.08.25-Sommerfest-Ehrengaeste-2-300x243.jpg 300w, https:\/\/csu-seniorenunion-dgf-lan.de\/wp-content\/uploads\/2025\/10\/02.08.25-Sommerfest-Ehrengaeste-2-768x622.jpg 768w, https:\/\/csu-seniorenunion-dgf-lan.de\/wp-content\/uploads\/2025\/10\/02.08.25-Sommerfest-Ehrengaeste-2-1536x1244.jpg 1536w, https:\/\/csu-seniorenunion-dgf-lan.de\/wp-content\/uploads\/2025\/10\/02.08.25-Sommerfest-Ehrengaeste-2-2048x1658.jpg 2048w\" sizes=\"auto, (max-width: 1024px) 100vw, 1024px\" \/><\/figure>\n<\/figure>\n<\/div>\n<\/div>\n\n\n\n<p><\/p>\n","protected":false},"excerpt":{"rendered":"<p>Der Sommer legte zwar eine Pause ein, doch das tat der Gem\u00fctlichkeit keinen Abbruch. Im J\u00e4gerst\u00fcberl am Esterlhof in Niederreisbach fanden sich viele G\u00e4ste ein. Die Kreisvorsitzende Carmen B\u00f6hm begr\u00fc\u00dfte die Besucher und Ehreng\u00e4ste und f\u00fchrte durch das Programm. Gleich zu Beginn erhielt jeder Gast kostenlos ein Tombolalos. Werner Perlinger spielte z\u00fcnftig auf und lud &#8230; <a title=\"2. August 2025: Sommerfest des Kreisverbandes\" class=\"read-more\" href=\"https:\/\/csu-seniorenunion-dgf-lan.de\/?p=1592\" aria-label=\"Mehr Informationen \u00fcber 2. August 2025: Sommerfest des Kreisverbandes\">Weiterlesen<\/a><\/p>\n","protected":false},"author":1,"featured_media":0,"comment_status":"closed","ping_status":"closed","sticky":false,"template":"","format":"standard","meta":{"footnotes":""},"categories":[1],"tags":[],"class_list":["post-1592","post","type-post","status-publish","format-standard","hentry","category-csu-seniorenunion-dgf-lan"],"_links":{"self":[{"href":"https:\/\/csu-seniorenunion-dgf-lan.de\/index.php?rest_route=\/wp\/v2\/posts\/1592","targetHints":{"allow":["GET"]}}],"collection":[{"href":"https:\/\/csu-seniorenunion-dgf-lan.de\/index.php?rest_route=\/wp\/v2\/posts"}],"about":[{"href":"https:\/\/csu-seniorenunion-dgf-lan.de\/index.php?rest_route=\/wp\/v2\/types\/post"}],"author":[{"embeddable":true,"href":"https:\/\/csu-seniorenunion-dgf-lan.de\/index.php?rest_route=\/wp\/v2\/users\/1"}],"replies":[{"embeddable":true,"href":"https:\/\/csu-seniorenunion-dgf-lan.de\/index.php?rest_route=%2Fwp%2Fv2%2Fcomments&post=1592"}],"version-history":[{"count":8,"href":"https:\/\/csu-seniorenunion-dgf-lan.de\/index.php?rest_route=\/wp\/v2\/posts\/1592\/revisions"}],"predecessor-version":[{"id":1627,"href":"https:\/\/csu-seniorenunion-dgf-lan.de\/index.php?rest_route=\/wp\/v2\/posts\/1592\/revisions\/1627"}],"wp:attachment":[{"href":"https:\/\/csu-seniorenunion-dgf-lan.de\/index.php?rest_route=%2Fwp%2Fv2%2Fmedia&parent=1592"}],"wp:term":[{"taxonomy":"category","embeddable":true,"href":"https:\/\/csu-seniorenunion-dgf-lan.de\/index.php?rest_route=%2Fwp%2Fv2%2Fcategories&post=1592"},{"taxonomy":"post_tag","embeddable":true,"href":"https:\/\/csu-seniorenunion-dgf-lan.de\/index.php?rest_route=%2Fwp%2Fv2%2Ftags&post=1592"}],"curies":[{"name":"wp","href":"https:\/\/api.w.org\/{rel}","templated":true}]}}