{"id":1449,"date":"2024-06-24T17:07:03","date_gmt":"2024-06-24T17:07:03","guid":{"rendered":"https:\/\/csu-seniorenunion-dgf-lan.de\/?p=1449"},"modified":"2024-06-24T17:07:04","modified_gmt":"2024-06-24T17:07:04","slug":"14-mai-2014-landesversammlung-der-sen-in-erlangen","status":"publish","type":"post","link":"https:\/\/csu-seniorenunion-dgf-lan.de\/?p=1449","title":{"rendered":"14. Mai 2014: Landesversammlung der SEN in Erlangen"},"content":{"rendered":"\n<p>Viele Delegierte aus Niederbayern besuchten die Landesversammlung in Erlangen. MdEP Manfred Weber \u00fcberzeugte mit einer hervorragenden Rede. Mehrere Gru\u00dfworte wurden gesprochen, unter anderem mit einer ber\u00fchrenden Rede des EU-Kandidaten Bernd Posselt. Die Gebhard-Gl\u00fcck-Medalle in Gold wurde \u00fcberreicht durch den Landesvorsitzenden Franz Meyer und durch den ehemaligen Landesvorsitzenden Dr. Thomas Goppel an Franz-Josef Z\u00f6ller.<\/p>\n\n\n\n<p>Der Landesvorsitzende Franz Meyer formulierte hierzu auch die \u201eErlanger Erkl\u00e4rung\u201c. Siehe hierzu den nachstehenden Bericht aus der PNP.<\/p>\n\n\n\n<p>Auch f\u00fcnf Delegiere aus dem KV Dingolfing-Landau waren anwesend.<\/p>\n\n\n\n<div class=\"wp-block-columns is-layout-flex wp-container-core-columns-is-layout-9d6595d7 wp-block-columns-is-layout-flex\">\n<div class=\"wp-block-column is-layout-flow wp-block-column-is-layout-flow\">\n<figure class=\"wp-block-gallery has-nested-images columns-default is-cropped wp-block-gallery-1 is-layout-flex wp-block-gallery-is-layout-flex\">\n<figure class=\"wp-block-image size-large\"><img loading=\"lazy\" decoding=\"async\" width=\"773\" height=\"1024\" data-id=\"1436\" src=\"https:\/\/csu-seniorenunion-dgf-lan.de\/wp-content\/uploads\/2024\/06\/14.05.24-Landesversammlung-Weber-a-m.R-773x1024.jpg\" alt=\"\" class=\"wp-image-1436\" srcset=\"https:\/\/csu-seniorenunion-dgf-lan.de\/wp-content\/uploads\/2024\/06\/14.05.24-Landesversammlung-Weber-a-m.R-773x1024.jpg 773w, https:\/\/csu-seniorenunion-dgf-lan.de\/wp-content\/uploads\/2024\/06\/14.05.24-Landesversammlung-Weber-a-m.R-226x300.jpg 226w, https:\/\/csu-seniorenunion-dgf-lan.de\/wp-content\/uploads\/2024\/06\/14.05.24-Landesversammlung-Weber-a-m.R-768x1018.jpg 768w, https:\/\/csu-seniorenunion-dgf-lan.de\/wp-content\/uploads\/2024\/06\/14.05.24-Landesversammlung-Weber-a-m.R-1159x1536.jpg 1159w, https:\/\/csu-seniorenunion-dgf-lan.de\/wp-content\/uploads\/2024\/06\/14.05.24-Landesversammlung-Weber-a-m.R-1546x2048.jpg 1546w, https:\/\/csu-seniorenunion-dgf-lan.de\/wp-content\/uploads\/2024\/06\/14.05.24-Landesversammlung-Weber-a-m.R-scaled.jpg 1932w\" sizes=\"auto, (max-width: 773px) 100vw, 773px\" \/><\/figure>\n<\/figure>\n<\/div>\n\n\n\n<div class=\"wp-block-column is-layout-flow wp-block-column-is-layout-flow\">\n<figure class=\"wp-block-gallery has-nested-images columns-default is-cropped wp-block-gallery-2 is-layout-flex wp-block-gallery-is-layout-flex\">\n<figure class=\"wp-block-image size-large\"><img loading=\"lazy\" decoding=\"async\" width=\"913\" height=\"1024\" data-id=\"1437\" src=\"https:\/\/csu-seniorenunion-dgf-lan.de\/wp-content\/uploads\/2024\/06\/14.05.24-Landesversammlung-Posselt-a-m.R-913x1024.jpg\" alt=\"\" class=\"wp-image-1437\" srcset=\"https:\/\/csu-seniorenunion-dgf-lan.de\/wp-content\/uploads\/2024\/06\/14.05.24-Landesversammlung-Posselt-a-m.R-913x1024.jpg 913w, https:\/\/csu-seniorenunion-dgf-lan.de\/wp-content\/uploads\/2024\/06\/14.05.24-Landesversammlung-Posselt-a-m.R-268x300.jpg 268w, https:\/\/csu-seniorenunion-dgf-lan.de\/wp-content\/uploads\/2024\/06\/14.05.24-Landesversammlung-Posselt-a-m.R-768x861.jpg 768w, https:\/\/csu-seniorenunion-dgf-lan.de\/wp-content\/uploads\/2024\/06\/14.05.24-Landesversammlung-Posselt-a-m.R-1370x1536.jpg 1370w, https:\/\/csu-seniorenunion-dgf-lan.de\/wp-content\/uploads\/2024\/06\/14.05.24-Landesversammlung-Posselt-a-m.R-1826x2048.jpg 1826w\" sizes=\"auto, (max-width: 913px) 100vw, 913px\" \/><\/figure>\n<\/figure>\n<\/div>\n\n\n\n<div class=\"wp-block-column is-layout-flow wp-block-column-is-layout-flow\">\n<figure class=\"wp-block-gallery has-nested-images columns-default is-cropped wp-block-gallery-3 is-layout-flex wp-block-gallery-is-layout-flex\">\n<figure class=\"wp-block-image size-large\"><img loading=\"lazy\" decoding=\"async\" width=\"1024\" height=\"942\" data-id=\"1441\" src=\"https:\/\/csu-seniorenunion-dgf-lan.de\/wp-content\/uploads\/2024\/06\/14.05.24-Landesversammlung-Meyer-Glueckwunsch-a-m.R-1024x942.jpg\" alt=\"\" class=\"wp-image-1441\" srcset=\"https:\/\/csu-seniorenunion-dgf-lan.de\/wp-content\/uploads\/2024\/06\/14.05.24-Landesversammlung-Meyer-Glueckwunsch-a-m.R-1024x942.jpg 1024w, https:\/\/csu-seniorenunion-dgf-lan.de\/wp-content\/uploads\/2024\/06\/14.05.24-Landesversammlung-Meyer-Glueckwunsch-a-m.R-300x276.jpg 300w, https:\/\/csu-seniorenunion-dgf-lan.de\/wp-content\/uploads\/2024\/06\/14.05.24-Landesversammlung-Meyer-Glueckwunsch-a-m.R-768x706.jpg 768w, https:\/\/csu-seniorenunion-dgf-lan.de\/wp-content\/uploads\/2024\/06\/14.05.24-Landesversammlung-Meyer-Glueckwunsch-a-m.R-1536x1413.jpg 1536w, https:\/\/csu-seniorenunion-dgf-lan.de\/wp-content\/uploads\/2024\/06\/14.05.24-Landesversammlung-Meyer-Glueckwunsch-a-m.R-2048x1884.jpg 2048w\" sizes=\"auto, (max-width: 1024px) 100vw, 1024px\" \/><\/figure>\n<\/figure>\n<\/div>\n<\/div>\n\n\n\n<div class=\"wp-block-columns is-layout-flex wp-container-core-columns-is-layout-9d6595d7 wp-block-columns-is-layout-flex\">\n<div class=\"wp-block-column is-layout-flow wp-block-column-is-layout-flow\">\n<figure class=\"wp-block-gallery has-nested-images columns-default is-cropped wp-block-gallery-4 is-layout-flex wp-block-gallery-is-layout-flex\">\n<figure class=\"wp-block-image size-large\"><img loading=\"lazy\" decoding=\"async\" width=\"1024\" height=\"771\" data-id=\"1439\" src=\"https:\/\/csu-seniorenunion-dgf-lan.de\/wp-content\/uploads\/2024\/06\/14.05.24-Landesversammlung-Goldmedaille-a-m.R-1024x771.jpg\" alt=\"\" class=\"wp-image-1439\" srcset=\"https:\/\/csu-seniorenunion-dgf-lan.de\/wp-content\/uploads\/2024\/06\/14.05.24-Landesversammlung-Goldmedaille-a-m.R-1024x771.jpg 1024w, https:\/\/csu-seniorenunion-dgf-lan.de\/wp-content\/uploads\/2024\/06\/14.05.24-Landesversammlung-Goldmedaille-a-m.R-300x226.jpg 300w, https:\/\/csu-seniorenunion-dgf-lan.de\/wp-content\/uploads\/2024\/06\/14.05.24-Landesversammlung-Goldmedaille-a-m.R-768x578.jpg 768w, https:\/\/csu-seniorenunion-dgf-lan.de\/wp-content\/uploads\/2024\/06\/14.05.24-Landesversammlung-Goldmedaille-a-m.R-1536x1157.jpg 1536w, https:\/\/csu-seniorenunion-dgf-lan.de\/wp-content\/uploads\/2024\/06\/14.05.24-Landesversammlung-Goldmedaille-a-m.R-2048x1542.jpg 2048w\" sizes=\"auto, (max-width: 1024px) 100vw, 1024px\" \/><\/figure>\n<\/figure>\n<\/div>\n\n\n\n<div class=\"wp-block-column is-layout-flow wp-block-column-is-layout-flow\">\n<figure class=\"wp-block-gallery has-nested-images columns-default is-cropped wp-block-gallery-5 is-layout-flex wp-block-gallery-is-layout-flex\">\n<figure class=\"wp-block-image size-large\"><img loading=\"lazy\" decoding=\"async\" width=\"1024\" height=\"772\" data-id=\"1440\" src=\"https:\/\/csu-seniorenunion-dgf-lan.de\/wp-content\/uploads\/2024\/06\/14.05.24-Landesversammlung-DGF-a-m.R-1024x772.jpg\" alt=\"\" class=\"wp-image-1440\" srcset=\"https:\/\/csu-seniorenunion-dgf-lan.de\/wp-content\/uploads\/2024\/06\/14.05.24-Landesversammlung-DGF-a-m.R-1024x772.jpg 1024w, https:\/\/csu-seniorenunion-dgf-lan.de\/wp-content\/uploads\/2024\/06\/14.05.24-Landesversammlung-DGF-a-m.R-300x226.jpg 300w, https:\/\/csu-seniorenunion-dgf-lan.de\/wp-content\/uploads\/2024\/06\/14.05.24-Landesversammlung-DGF-a-m.R-768x579.jpg 768w, https:\/\/csu-seniorenunion-dgf-lan.de\/wp-content\/uploads\/2024\/06\/14.05.24-Landesversammlung-DGF-a-m.R-1536x1158.jpg 1536w, https:\/\/csu-seniorenunion-dgf-lan.de\/wp-content\/uploads\/2024\/06\/14.05.24-Landesversammlung-DGF-a-m.R-2048x1544.jpg 2048w\" sizes=\"auto, (max-width: 1024px) 100vw, 1024px\" \/><\/figure>\n<\/figure>\n<\/div>\n<\/div>\n\n\n\n<figure class=\"wp-block-gallery has-nested-images columns-default is-cropped wp-block-gallery-6 is-layout-flex wp-block-gallery-is-layout-flex\">\n<figure class=\"wp-block-image size-large\"><img loading=\"lazy\" decoding=\"async\" width=\"1024\" height=\"671\" data-id=\"1442\" src=\"https:\/\/csu-seniorenunion-dgf-lan.de\/wp-content\/uploads\/2024\/06\/Bericht-Erlangen-1024x671.jpg\" alt=\"\" class=\"wp-image-1442\" srcset=\"https:\/\/csu-seniorenunion-dgf-lan.de\/wp-content\/uploads\/2024\/06\/Bericht-Erlangen-1024x671.jpg 1024w, https:\/\/csu-seniorenunion-dgf-lan.de\/wp-content\/uploads\/2024\/06\/Bericht-Erlangen-300x197.jpg 300w, https:\/\/csu-seniorenunion-dgf-lan.de\/wp-content\/uploads\/2024\/06\/Bericht-Erlangen-768x503.jpg 768w, https:\/\/csu-seniorenunion-dgf-lan.de\/wp-content\/uploads\/2024\/06\/Bericht-Erlangen.jpg 1448w\" sizes=\"auto, (max-width: 1024px) 100vw, 1024px\" \/><\/figure>\n<\/figure>\n","protected":false},"excerpt":{"rendered":"<p>Viele Delegierte aus Niederbayern besuchten die Landesversammlung in Erlangen. MdEP Manfred Weber \u00fcberzeugte mit einer hervorragenden Rede. Mehrere Gru\u00dfworte wurden gesprochen, unter anderem mit einer ber\u00fchrenden Rede des EU-Kandidaten Bernd Posselt. Die Gebhard-Gl\u00fcck-Medalle in Gold wurde \u00fcberreicht durch den Landesvorsitzenden Franz Meyer und durch den ehemaligen Landesvorsitzenden Dr. Thomas Goppel an Franz-Josef Z\u00f6ller. Der Landesvorsitzende &#8230; <a title=\"14. Mai 2014: Landesversammlung der SEN in Erlangen\" class=\"read-more\" href=\"https:\/\/csu-seniorenunion-dgf-lan.de\/?p=1449\" aria-label=\"Mehr Informationen \u00fcber 14. Mai 2014: Landesversammlung der SEN in Erlangen\">Weiterlesen<\/a><\/p>\n","protected":false},"author":1,"featured_media":0,"comment_status":"closed","ping_status":"closed","sticky":false,"template":"","format":"standard","meta":{"footnotes":""},"categories":[1],"tags":[],"class_list":["post-1449","post","type-post","status-publish","format-standard","hentry","category-csu-seniorenunion-dgf-lan"],"_links":{"self":[{"href":"https:\/\/csu-seniorenunion-dgf-lan.de\/index.php?rest_route=\/wp\/v2\/posts\/1449","targetHints":{"allow":["GET"]}}],"collection":[{"href":"https:\/\/csu-seniorenunion-dgf-lan.de\/index.php?rest_route=\/wp\/v2\/posts"}],"about":[{"href":"https:\/\/csu-seniorenunion-dgf-lan.de\/index.php?rest_route=\/wp\/v2\/types\/post"}],"author":[{"embeddable":true,"href":"https:\/\/csu-seniorenunion-dgf-lan.de\/index.php?rest_route=\/wp\/v2\/users\/1"}],"replies":[{"embeddable":true,"href":"https:\/\/csu-seniorenunion-dgf-lan.de\/index.php?rest_route=%2Fwp%2Fv2%2Fcomments&post=1449"}],"version-history":[{"count":1,"href":"https:\/\/csu-seniorenunion-dgf-lan.de\/index.php?rest_route=\/wp\/v2\/posts\/1449\/revisions"}],"predecessor-version":[{"id":1450,"href":"https:\/\/csu-seniorenunion-dgf-lan.de\/index.php?rest_route=\/wp\/v2\/posts\/1449\/revisions\/1450"}],"wp:attachment":[{"href":"https:\/\/csu-seniorenunion-dgf-lan.de\/index.php?rest_route=%2Fwp%2Fv2%2Fmedia&parent=1449"}],"wp:term":[{"taxonomy":"category","embeddable":true,"href":"https:\/\/csu-seniorenunion-dgf-lan.de\/index.php?rest_route=%2Fwp%2Fv2%2Fcategories&post=1449"},{"taxonomy":"post_tag","embeddable":true,"href":"https:\/\/csu-seniorenunion-dgf-lan.de\/index.php?rest_route=%2Fwp%2Fv2%2Ftags&post=1449"}],"curies":[{"name":"wp","href":"https:\/\/api.w.org\/{rel}","templated":true}]}}