{"id":1192,"date":"2022-11-08T10:11:06","date_gmt":"2022-11-08T10:11:06","guid":{"rendered":"https:\/\/csu-seniorenunion-dgf-lan.de\/CMS\/?p=1192"},"modified":"2022-11-08T22:56:35","modified_gmt":"2022-11-08T22:56:35","slug":"08-oktober-2022-20-jaehriges-gruendungsjubilaeum-der-sen-dingolfing-landau","status":"publish","type":"post","link":"https:\/\/csu-seniorenunion-dgf-lan.de\/?p=1192","title":{"rendered":"08. Oktober 2022: 20-j\u00e4hriges Gr\u00fcndungsjubil\u00e4um der SEN Dingolfing-Landau"},"content":{"rendered":"\n<p>Am Samstag, den 8. Oktober konnte die SEN Dingolfing-Landau ihr 20-j\u00e4hriges Bestehen feiern. <\/p>\n\n\n\n<p>Um 10.00 Uhr wurde die Hl. Messe in der Parrkirche St. Margareta in Mamming von Pfarrer Thomas Glei\u00dfner zelebriert. Der verstorbenen Mitglieder wurde dabei gedacht. Umrahmt wurde der Gottesdienst von den M\u00e4nnern des Niederh\u00f6ckinger Kirchenchors unter der Leitung von Herbert Hutterer mit der Waldlermesse.  <\/p>\n\n\n\n<div class=\"wp-block-columns is-layout-flex wp-container-core-columns-is-layout-9d6595d7 wp-block-columns-is-layout-flex\">\n<div class=\"wp-block-column is-layout-flow wp-block-column-is-layout-flow\" style=\"flex-basis:33.34%\">\n<figure class=\"wp-block-gallery has-nested-images columns-default is-cropped wp-block-gallery-1 is-layout-flex wp-block-gallery-is-layout-flex\">\n<figure class=\"wp-block-image size-large\"><img loading=\"lazy\" decoding=\"async\" width=\"1024\" height=\"772\" data-id=\"1200\" src=\"https:\/\/csu-seniorenunion-dgf-lan.de\/CMS\/wp-content\/uploads\/2022\/11\/EZ-SEN-Kreisverband-20jaehriges-01-2-1024x772.jpeg\" alt=\"\" class=\"wp-image-1200\" srcset=\"https:\/\/csu-seniorenunion-dgf-lan.de\/wp-content\/uploads\/2022\/11\/EZ-SEN-Kreisverband-20jaehriges-01-2-1024x772.jpeg 1024w, https:\/\/csu-seniorenunion-dgf-lan.de\/wp-content\/uploads\/2022\/11\/EZ-SEN-Kreisverband-20jaehriges-01-2-300x226.jpeg 300w, https:\/\/csu-seniorenunion-dgf-lan.de\/wp-content\/uploads\/2022\/11\/EZ-SEN-Kreisverband-20jaehriges-01-2-768x579.jpeg 768w, https:\/\/csu-seniorenunion-dgf-lan.de\/wp-content\/uploads\/2022\/11\/EZ-SEN-Kreisverband-20jaehriges-01-2-1536x1157.jpeg 1536w, https:\/\/csu-seniorenunion-dgf-lan.de\/wp-content\/uploads\/2022\/11\/EZ-SEN-Kreisverband-20jaehriges-01-2-2048x1543.jpeg 2048w\" sizes=\"auto, (max-width: 1024px) 100vw, 1024px\" \/><\/figure>\n<\/figure>\n<\/div>\n\n\n\n<div class=\"wp-block-column is-layout-flow wp-block-column-is-layout-flow\" style=\"flex-basis:33.34%\">\n<figure class=\"wp-block-gallery has-nested-images columns-default is-cropped wp-block-gallery-2 is-layout-flex wp-block-gallery-is-layout-flex\">\n<figure class=\"wp-block-image size-large\"><img loading=\"lazy\" decoding=\"async\" width=\"1024\" height=\"699\" data-id=\"1201\" src=\"https:\/\/csu-seniorenunion-dgf-lan.de\/CMS\/wp-content\/uploads\/2022\/11\/EZ-SEN-Kreisverband-20jaehriges-02-1-1024x699.jpeg\" alt=\"\" class=\"wp-image-1201\" srcset=\"https:\/\/csu-seniorenunion-dgf-lan.de\/wp-content\/uploads\/2022\/11\/EZ-SEN-Kreisverband-20jaehriges-02-1-1024x699.jpeg 1024w, https:\/\/csu-seniorenunion-dgf-lan.de\/wp-content\/uploads\/2022\/11\/EZ-SEN-Kreisverband-20jaehriges-02-1-300x205.jpeg 300w, https:\/\/csu-seniorenunion-dgf-lan.de\/wp-content\/uploads\/2022\/11\/EZ-SEN-Kreisverband-20jaehriges-02-1-768x525.jpeg 768w, https:\/\/csu-seniorenunion-dgf-lan.de\/wp-content\/uploads\/2022\/11\/EZ-SEN-Kreisverband-20jaehriges-02-1-1536x1049.jpeg 1536w, https:\/\/csu-seniorenunion-dgf-lan.de\/wp-content\/uploads\/2022\/11\/EZ-SEN-Kreisverband-20jaehriges-02-1-2048x1399.jpeg 2048w\" sizes=\"auto, (max-width: 1024px) 100vw, 1024px\" \/><figcaption><strong>NIederh\u00f6ckinger Kirchenchor<\/strong><\/figcaption><\/figure>\n<\/figure>\n<\/div>\n\n\n\n<div class=\"wp-block-column is-layout-flow wp-block-column-is-layout-flow\" style=\"flex-basis:33.33%\">\n<figure class=\"wp-block-gallery has-nested-images columns-default is-cropped wp-block-gallery-3 is-layout-flex wp-block-gallery-is-layout-flex\">\n<figure class=\"wp-block-image size-large\"><img loading=\"lazy\" decoding=\"async\" width=\"1024\" height=\"771\" data-id=\"1202\" src=\"https:\/\/csu-seniorenunion-dgf-lan.de\/CMS\/wp-content\/uploads\/2022\/11\/SJ-SEN-Kreisverband-20jaehriges-1024x771.jpeg\" alt=\"\" class=\"wp-image-1202\" srcset=\"https:\/\/csu-seniorenunion-dgf-lan.de\/wp-content\/uploads\/2022\/11\/SJ-SEN-Kreisverband-20jaehriges-1024x771.jpeg 1024w, https:\/\/csu-seniorenunion-dgf-lan.de\/wp-content\/uploads\/2022\/11\/SJ-SEN-Kreisverband-20jaehriges-300x226.jpeg 300w, https:\/\/csu-seniorenunion-dgf-lan.de\/wp-content\/uploads\/2022\/11\/SJ-SEN-Kreisverband-20jaehriges-768x578.jpeg 768w, https:\/\/csu-seniorenunion-dgf-lan.de\/wp-content\/uploads\/2022\/11\/SJ-SEN-Kreisverband-20jaehriges-1536x1156.jpeg 1536w, https:\/\/csu-seniorenunion-dgf-lan.de\/wp-content\/uploads\/2022\/11\/SJ-SEN-Kreisverband-20jaehriges-2048x1541.jpeg 2048w\" sizes=\"auto, (max-width: 1024px) 100vw, 1024px\" \/><\/figure>\n<\/figure>\n<\/div>\n<\/div>\n\n\n\n<p>Anschlie\u00dfend wurde das gemeinsame Mittagessen im nahe gelegenen Landgasthof Apfelbeck eingenommen.<\/p>\n\n\n\n<p>Die  Mitgliederversammlung schloss sich mit den \u00fcblichen Regularien an.  Die Kreisvorsitzende untermalte den Jahrsr\u00fcckblick mit Bildern. <\/p>\n\n\n\n<p>Gru\u00dfworte zum 20-j\u00e4hrien Bestehen sprachen der Bezirksvorsitzende Raimund Fries sowie Max Straubinger, MdB und die B\u00fcrgermeisterin von Mamming, Irmgard Eberl.<\/p>\n\n\n\n<div class=\"wp-block-columns is-layout-flex wp-container-core-columns-is-layout-9d6595d7 wp-block-columns-is-layout-flex\">\n<div class=\"wp-block-column is-layout-flow wp-block-column-is-layout-flow\" style=\"flex-basis:100%\">\n<div class=\"wp-block-columns is-layout-flex wp-container-core-columns-is-layout-9d6595d7 wp-block-columns-is-layout-flex\">\n<div class=\"wp-block-column is-layout-flow wp-block-column-is-layout-flow\" style=\"flex-basis:50%\">\n<figure class=\"wp-block-gallery has-nested-images columns-default is-cropped wp-block-gallery-4 is-layout-flex wp-block-gallery-is-layout-flex\">\n<figure class=\"wp-block-image size-large\"><img loading=\"lazy\" decoding=\"async\" width=\"1024\" height=\"835\" data-id=\"1212\" src=\"https:\/\/csu-seniorenunion-dgf-lan.de\/CMS\/wp-content\/uploads\/2022\/11\/08.10.22-Jub.-1-m.R.-1024x835.jpg\" alt=\"\" class=\"wp-image-1212\" srcset=\"https:\/\/csu-seniorenunion-dgf-lan.de\/wp-content\/uploads\/2022\/11\/08.10.22-Jub.-1-m.R.-1024x835.jpg 1024w, https:\/\/csu-seniorenunion-dgf-lan.de\/wp-content\/uploads\/2022\/11\/08.10.22-Jub.-1-m.R.-300x245.jpg 300w, https:\/\/csu-seniorenunion-dgf-lan.de\/wp-content\/uploads\/2022\/11\/08.10.22-Jub.-1-m.R.-768x627.jpg 768w, https:\/\/csu-seniorenunion-dgf-lan.de\/wp-content\/uploads\/2022\/11\/08.10.22-Jub.-1-m.R.-1536x1253.jpg 1536w, https:\/\/csu-seniorenunion-dgf-lan.de\/wp-content\/uploads\/2022\/11\/08.10.22-Jub.-1-m.R..jpg 1960w\" sizes=\"auto, (max-width: 1024px) 100vw, 1024px\" \/><\/figure>\n<\/figure>\n<\/div>\n\n\n\n<div class=\"wp-block-column is-layout-flow wp-block-column-is-layout-flow\" style=\"flex-basis:50%\">\n<figure class=\"wp-block-gallery has-nested-images columns-default is-cropped wp-block-gallery-5 is-layout-flex wp-block-gallery-is-layout-flex\">\n<figure class=\"wp-block-image size-large\"><img loading=\"lazy\" decoding=\"async\" width=\"1024\" height=\"854\" data-id=\"1205\" src=\"https:\/\/csu-seniorenunion-dgf-lan.de\/CMS\/wp-content\/uploads\/2022\/11\/08.10.22-Jub.-3-Fries-m.R.-1024x854.jpg\" alt=\"\" class=\"wp-image-1205\" srcset=\"https:\/\/csu-seniorenunion-dgf-lan.de\/wp-content\/uploads\/2022\/11\/08.10.22-Jub.-3-Fries-m.R.-1024x854.jpg 1024w, https:\/\/csu-seniorenunion-dgf-lan.de\/wp-content\/uploads\/2022\/11\/08.10.22-Jub.-3-Fries-m.R.-300x250.jpg 300w, https:\/\/csu-seniorenunion-dgf-lan.de\/wp-content\/uploads\/2022\/11\/08.10.22-Jub.-3-Fries-m.R.-768x640.jpg 768w, https:\/\/csu-seniorenunion-dgf-lan.de\/wp-content\/uploads\/2022\/11\/08.10.22-Jub.-3-Fries-m.R.-1536x1281.jpg 1536w, https:\/\/csu-seniorenunion-dgf-lan.de\/wp-content\/uploads\/2022\/11\/08.10.22-Jub.-3-Fries-m.R.-2048x1708.jpg 2048w\" sizes=\"auto, (max-width: 1024px) 100vw, 1024px\" \/><\/figure>\n<\/figure>\n<\/div>\n<\/div>\n<\/div>\n<\/div>\n\n\n\n<figure class=\"wp-block-gallery has-nested-images columns-default is-cropped wp-block-gallery-6 is-layout-flex wp-block-gallery-is-layout-flex\">\n<figure class=\"wp-block-image size-large\"><img loading=\"lazy\" decoding=\"async\" width=\"1024\" height=\"743\" data-id=\"1207\" src=\"https:\/\/csu-seniorenunion-dgf-lan.de\/CMS\/wp-content\/uploads\/2022\/11\/EZ-SEN-Kreisverband-20jaehriges-04-1024x743.jpeg\" alt=\"\" class=\"wp-image-1207\" srcset=\"https:\/\/csu-seniorenunion-dgf-lan.de\/wp-content\/uploads\/2022\/11\/EZ-SEN-Kreisverband-20jaehriges-04-1024x743.jpeg 1024w, https:\/\/csu-seniorenunion-dgf-lan.de\/wp-content\/uploads\/2022\/11\/EZ-SEN-Kreisverband-20jaehriges-04-300x218.jpeg 300w, https:\/\/csu-seniorenunion-dgf-lan.de\/wp-content\/uploads\/2022\/11\/EZ-SEN-Kreisverband-20jaehriges-04-768x557.jpeg 768w, https:\/\/csu-seniorenunion-dgf-lan.de\/wp-content\/uploads\/2022\/11\/EZ-SEN-Kreisverband-20jaehriges-04-1536x1115.jpeg 1536w, https:\/\/csu-seniorenunion-dgf-lan.de\/wp-content\/uploads\/2022\/11\/EZ-SEN-Kreisverband-20jaehriges-04-2048x1486.jpeg 2048w\" sizes=\"auto, (max-width: 1024px) 100vw, 1024px\" \/><\/figure>\n<\/figure>\n\n\n\n<p>Die zahlreichen G\u00e4ste erhielten von der Vorsitzenden einen Gesamtr\u00fcckblick in Bildern \u00fcberdie Aktivit\u00e4ten der letzten 20 Jahre. <\/p>\n\n\n\n<p class=\"has-text-align-center\"><strong>Ein weiterer H\u00f6hepunkt war die \u00dcberreichung der Ehrenurkunden mit einem Pr\u00e4sent an die Gr\u00fcndungsmitglieder.  <\/strong>   <\/p>\n\n\n\n<figure class=\"wp-block-gallery has-nested-images columns-default is-cropped wp-block-gallery-7 is-layout-flex wp-block-gallery-is-layout-flex\">\n<figure class=\"wp-block-image size-large\"><img loading=\"lazy\" decoding=\"async\" width=\"1024\" height=\"771\" data-id=\"1208\" src=\"https:\/\/csu-seniorenunion-dgf-lan.de\/CMS\/wp-content\/uploads\/2022\/11\/SJ-SEN-Kreisverband-20jaehriges03-1024x771.jpeg\" alt=\"\" class=\"wp-image-1208\" srcset=\"https:\/\/csu-seniorenunion-dgf-lan.de\/wp-content\/uploads\/2022\/11\/SJ-SEN-Kreisverband-20jaehriges03-1024x771.jpeg 1024w, https:\/\/csu-seniorenunion-dgf-lan.de\/wp-content\/uploads\/2022\/11\/SJ-SEN-Kreisverband-20jaehriges03-300x226.jpeg 300w, https:\/\/csu-seniorenunion-dgf-lan.de\/wp-content\/uploads\/2022\/11\/SJ-SEN-Kreisverband-20jaehriges03-768x578.jpeg 768w, https:\/\/csu-seniorenunion-dgf-lan.de\/wp-content\/uploads\/2022\/11\/SJ-SEN-Kreisverband-20jaehriges03-1536x1156.jpeg 1536w, https:\/\/csu-seniorenunion-dgf-lan.de\/wp-content\/uploads\/2022\/11\/SJ-SEN-Kreisverband-20jaehriges03-2048x1541.jpeg 2048w\" sizes=\"auto, (max-width: 1024px) 100vw, 1024px\" \/><figcaption>O<\/figcaption><\/figure>\n<\/figure>\n\n\n\n<p class=\"has-text-align-center\"><strong>Vorab wurde ein Bericht \u00fcber 20 Jahre SEN Dingolfing-Landau erstellt.<\/strong><\/p>\n\n\n\n<figure class=\"wp-block-gallery has-nested-images columns-default is-cropped wp-block-gallery-8 is-layout-flex wp-block-gallery-is-layout-flex\">\n<figure class=\"wp-block-image size-large\"><img loading=\"lazy\" decoding=\"async\" width=\"774\" height=\"1024\" data-id=\"1209\" src=\"https:\/\/csu-seniorenunion-dgf-lan.de\/CMS\/wp-content\/uploads\/2022\/11\/DA-03.10.22-m.R.-774x1024.jpg\" alt=\"\" class=\"wp-image-1209\" srcset=\"https:\/\/csu-seniorenunion-dgf-lan.de\/wp-content\/uploads\/2022\/11\/DA-03.10.22-m.R.-774x1024.jpg 774w, https:\/\/csu-seniorenunion-dgf-lan.de\/wp-content\/uploads\/2022\/11\/DA-03.10.22-m.R.-227x300.jpg 227w, https:\/\/csu-seniorenunion-dgf-lan.de\/wp-content\/uploads\/2022\/11\/DA-03.10.22-m.R.-768x1017.jpg 768w, https:\/\/csu-seniorenunion-dgf-lan.de\/wp-content\/uploads\/2022\/11\/DA-03.10.22-m.R.-1160x1536.jpg 1160w, https:\/\/csu-seniorenunion-dgf-lan.de\/wp-content\/uploads\/2022\/11\/DA-03.10.22-m.R.-1547x2048.jpg 1547w\" sizes=\"auto, (max-width: 774px) 100vw, 774px\" \/><\/figure>\n<\/figure>\n","protected":false},"excerpt":{"rendered":"<p>Am Samstag, den 8. Oktober konnte die SEN Dingolfing-Landau ihr 20-j\u00e4hriges Bestehen feiern. Um 10.00 Uhr wurde die Hl. Messe in der Parrkirche St. Margareta in Mamming von Pfarrer Thomas Glei\u00dfner zelebriert. Der verstorbenen Mitglieder wurde dabei gedacht. Umrahmt wurde der Gottesdienst von den M\u00e4nnern des Niederh\u00f6ckinger Kirchenchors unter der Leitung von Herbert Hutterer mit &#8230; <a title=\"08. Oktober 2022: 20-j\u00e4hriges Gr\u00fcndungsjubil\u00e4um der SEN Dingolfing-Landau\" class=\"read-more\" href=\"https:\/\/csu-seniorenunion-dgf-lan.de\/?p=1192\" aria-label=\"Mehr Informationen \u00fcber 08. Oktober 2022: 20-j\u00e4hriges Gr\u00fcndungsjubil\u00e4um der SEN Dingolfing-Landau\">Weiterlesen<\/a><\/p>\n","protected":false},"author":1,"featured_media":0,"comment_status":"closed","ping_status":"closed","sticky":false,"template":"","format":"standard","meta":{"footnotes":""},"categories":[1],"tags":[],"class_list":["post-1192","post","type-post","status-publish","format-standard","hentry","category-csu-seniorenunion-dgf-lan"],"_links":{"self":[{"href":"https:\/\/csu-seniorenunion-dgf-lan.de\/index.php?rest_route=\/wp\/v2\/posts\/1192","targetHints":{"allow":["GET"]}}],"collection":[{"href":"https:\/\/csu-seniorenunion-dgf-lan.de\/index.php?rest_route=\/wp\/v2\/posts"}],"about":[{"href":"https:\/\/csu-seniorenunion-dgf-lan.de\/index.php?rest_route=\/wp\/v2\/types\/post"}],"author":[{"embeddable":true,"href":"https:\/\/csu-seniorenunion-dgf-lan.de\/index.php?rest_route=\/wp\/v2\/users\/1"}],"replies":[{"embeddable":true,"href":"https:\/\/csu-seniorenunion-dgf-lan.de\/index.php?rest_route=%2Fwp%2Fv2%2Fcomments&post=1192"}],"version-history":[{"count":8,"href":"https:\/\/csu-seniorenunion-dgf-lan.de\/index.php?rest_route=\/wp\/v2\/posts\/1192\/revisions"}],"predecessor-version":[{"id":1214,"href":"https:\/\/csu-seniorenunion-dgf-lan.de\/index.php?rest_route=\/wp\/v2\/posts\/1192\/revisions\/1214"}],"wp:attachment":[{"href":"https:\/\/csu-seniorenunion-dgf-lan.de\/index.php?rest_route=%2Fwp%2Fv2%2Fmedia&parent=1192"}],"wp:term":[{"taxonomy":"category","embeddable":true,"href":"https:\/\/csu-seniorenunion-dgf-lan.de\/index.php?rest_route=%2Fwp%2Fv2%2Fcategories&post=1192"},{"taxonomy":"post_tag","embeddable":true,"href":"https:\/\/csu-seniorenunion-dgf-lan.de\/index.php?rest_route=%2Fwp%2Fv2%2Ftags&post=1192"}],"curies":[{"name":"wp","href":"https:\/\/api.w.org\/{rel}","templated":true}]}}